{"id":6011,"date":"2026-08-28T01:36:48","date_gmt":"2026-08-28T04:36:48","guid":{"rendered":"https:\/\/www.encontrapara.com.br\/maraba\/semed-1o-simposio-de-psicologia-tem-foco-nos-desafios-da-saude-mental-na-contemporaneidade\/"},"modified":"2026-08-28T01:36:48","modified_gmt":"2026-08-28T04:36:48","slug":"semed-1o-simposio-de-psicologia-tem-foco-nos-desafios-da-saude-mental-na-contemporaneidade","status":"publish","type":"post","link":"https:\/\/www.encontrapara.com.br\/maraba\/semed-1o-simposio-de-psicologia-tem-foco-nos-desafios-da-saude-mental-na-contemporaneidade\/","title":{"rendered":"Semed: 1\u00ba Simp\u00f3sio de Psicologia tem foco nos desafios da sa\u00fade mental na contemporaneidade"},"content":{"rendered":"<h2>O Papel da Psicologia na Educa\u00e7\u00e3o<\/h2>\n<p>A Psicologia desempenha um papel crucial no setor educacional, influenciando n\u00e3o apenas a maneira como os alunos aprendem, mas tamb\u00e9m como os educadores interagem com eles. Este campo busca entender os processos de aprendizagem, ajudar a lidar com desafios emocionais e criar estrat\u00e9gias que melhorem o ambiente escolar. Especialistas em Psicologia educativa oferecem suporte a alunos com dificuldades de aprendizagem, promovendo t\u00e9cnicas que facilitam a assimila\u00e7\u00e3o do conhecimento.<\/p>\n<h2>Import\u00e2ncia da Sa\u00fade Mental no Mundo Moderno<\/h2>\n<p>Num mundo em constante transforma\u00e7\u00e3o, a sa\u00fade mental se torna uma prioridade significativa. O aumento de estresse, ansiedade e outras condi\u00e7\u00f5es psicol\u00f3gicas impacta a qualidade de vida das pessoas. A Psicologia, ao abordar essas quest\u00f5es, permite que indiv\u00edduos reconhe\u00e7am suas emo\u00e7\u00f5es e aprendam a gerenci\u00e1-las de maneira saud\u00e1vel. O fomento de um ambiente de acolhimento e compreens\u00e3o, tanto na fam\u00edlia quanto na escola, \u00e9 essencial para o bem-estar emocional.<\/p>\n<h2>Desafios da Psicologia P\u00f3s-Pandemia<\/h2>\n<p>Desde a pandemia de COVID-19, os profissionais de Psicologia enfrentam novos e complexos desafios que exigem adapta\u00e7\u00f5es nas pr\u00e1ticas tradicionais. O aumento dos casos de ansiedade e depress\u00e3o, especialmente entre jovens, acentua a necessidade de abordagens inovadoras no atendimento psicol\u00f3gico. Diante dessa crise, a forma\u00e7\u00e3o e atualiza\u00e7\u00e3o constantes dos psic\u00f3logos s\u00e3o indispens\u00e1veis para atender as novas demandas.<\/p>\n<p><img decoding=\"async\" src=\"https:\/\/www.encontrapara.com.br\/maraba\/wp-content\/uploads\/2026\/08\/semed-1-simposio-de-psicologia-tem-foco-nos-desafios-da-saude-mental-na-contemporaneidade.webp\" alt=\"Semed\" loading=\"lazy\" \/><\/p>\n<h2>A Necessidade de Reflex\u00e3o em Sa\u00fade Mental<\/h2>\n<p>A reflex\u00e3o sobre a sa\u00fade mental \u00e9 vital em todos os n\u00edveis, especialmente na educa\u00e7\u00e3o. O di\u00e1logo aberto sobre quest\u00f5es psicol\u00f3gicas ajuda a desestigmatizar problemas de sa\u00fade mental e promove uma cultura de acolhimento e compreens\u00e3o. \u00c9 essencial que educadores e profissionais de sa\u00fade mental trabalhem juntos para desenvolver estrat\u00e9gias eficazes que apoiem alunos e suas fam\u00edlias, criando um ambiente escolar mais inclusivo e receptivo.<\/p>\n<h2>Integra\u00e7\u00e3o entre Psicologia e Educa\u00e7\u00e3o<\/h2>\n<p>A colabora\u00e7\u00e3o entre psic\u00f3logos e educadores pode trazer benef\u00edcios significativos para o sistema educacional. Ao integrar pr\u00e1ticas psicol\u00f3gicas no curr\u00edculo educativo, \u00e9 poss\u00edvel criar abordagens que atendam \u00e0s necessidades emocionais e cognitivas dos alunos. A forma\u00e7\u00e3o de equipes multidisciplinares permite que diferentes experi\u00eancias e conhecimentos se complementem, resultando em melhores pr\u00e1ticas para o ensino e aprendizado.<\/p>\n<h2>Impacto da Tecnologia na Sa\u00fade Mental<\/h2>\n<p>A tecnologia, enquanto ferramenta poderosa de comunica\u00e7\u00e3o e aprendizado, tamb\u00e9m traz desafios relacionados \u00e0 sa\u00fade mental. O uso excessivo de redes sociais e a exposi\u00e7\u00e3o a conte\u00fados negativos podem contribuir para o aumento da ansiedade e depress\u00e3o entre os jovens. No entanto, a tecnologia tamb\u00e9m apresenta oportunidades para fortalecer a sa\u00fade mental, permitindo o acesso a recursos online que ajudam na educa\u00e7\u00e3o emocional e no autocuidado.<\/p>\n<h2>Desenvolvimento de Pr\u00e1ticas em Psicologia<\/h2>\n<p>A pr\u00e1tica da Psicologia deve evoluir para se adaptar \u00e0s necessidades mut\u00e1veis da sociedade. A implementa\u00e7\u00e3o de interven\u00e7\u00f5es baseadas em evid\u00eancias e a constante atualiza\u00e7\u00e3o profissional s\u00e3o fundamentais. Psic\u00f3logos devem se concentrar em desenvolver habilidades que lhes permitam lidar com as especificidades de cada indiv\u00edduo, reconhecendo a diversidade de experi\u00eancias e contextos que afetam o bem-estar psicol\u00f3gico.<\/p>\n<h2>Perspectivas Futuras para a Psicologia<\/h2>\n<p>O futuro da Psicologia apresenta um horizonte de constantes mudan\u00e7as e desafios. Novas pesquisas e inova\u00e7\u00f5es tecnol\u00f3gicas devem moldar os m\u00e9todos de interven\u00e7\u00e3o e suporte psicol\u00f3gico. Um foco crescente na preven\u00e7\u00e3o e no bem-estar integral pode levar a pr\u00e1ticas mais eficazes que atendam n\u00e3o apenas os sintomas, mas tamb\u00e9m as causas subjacentes dos problemas emocionais.<\/p>\n<h2>Fortalecimento do Acesso \u00e0 Psicologia<\/h2>\n<p>A promo\u00e7\u00e3o do acesso \u00e0 Psicologia \u00e9 essencial para garantir que mais pessoas possam usufruir dos benef\u00edcios do apoio psicol\u00f3gico. Iniciativas que busquem aumentar a presen\u00e7a de psic\u00f3logos nas institui\u00e7\u00f5es educacionais e comunit\u00e1rias s\u00e3o essenciais. O governo e organiza\u00e7\u00f5es n\u00e3o governamentais devem unir esfor\u00e7os para criar pol\u00edticas p\u00fablicas que priorizem a sa\u00fade mental, promovendo servi\u00e7os acess\u00edveis e de qualidade.<\/p>\n<h2>Programa do Simp\u00f3sio: O que foi discutido<\/h2>\n<p>No 1\u00ba Simp\u00f3sio de Psicologia, v\u00e1rias tem\u00e1ticas foram abordadas, contribuindo para um entendimento aprimorado dos desafios atuais. O evento destacou a import\u00e2ncia da colabora\u00e7\u00e3o entre educa\u00e7\u00e3o e Psicologia, a necessidade de discutir as mudan\u00e7as nas din\u00e2micas sociais p\u00f3s-pandemia, e o papel da tecnologia na sa\u00fade mental. As implica\u00e7\u00f5es da m\u00eddia sobre a sa\u00fade mental e estrat\u00e9gias para fortalecer o atendimento a estudantes foram pontos centrais nas discuss\u00f5es, proporcionando um espa\u00e7o rico para o compartilhamento de experi\u00eancias e conhecimentos.<\/p>\n","protected":false},"excerpt":{"rendered":"<p>Semed promove 1\u00ba Simp\u00f3sio de Psicologia focado na sa\u00fade mental<\/p>\n","protected":false},"author":1,"featured_media":6010,"comment_status":"open","ping_status":"","sticky":false,"template":"","format":"standard","meta":{"footnotes":""},"categories":[897],"tags":[],"class_list":["post-6011","post","type-post","status-publish","format-standard","has-post-thumbnail","hentry","category-eventos","has_thumb"],"yoast_head":"<!-- This site is optimized with the Yoast SEO plugin v28.1 - https:\/\/yoast.com\/product\/yoast-seo-wordpress\/ -->\n<title>Semed: 1\u00ba Simp\u00f3sio de Psicologia tem foco nos desafios da sa\u00fade mental na contemporaneidade | Guia Comercial de Marab\u00e1 PA<\/title>\n<meta name=\"robots\" content=\"index, follow, max-snippet:-1, max-image-preview:large, max-video-preview:-1\" \/>\n<link rel=\"canonical\" href=\"https:\/\/www.encontrapara.com.br\/maraba\/semed-1o-simposio-de-psicologia-tem-foco-nos-desafios-da-saude-mental-na-contemporaneidade\/\" \/>\n<meta property=\"og:locale\" content=\"pt_BR\" \/>\n<meta property=\"og:type\" content=\"article\" \/>\n<meta property=\"og:title\" content=\"Semed: 1\u00ba Simp\u00f3sio de Psicologia tem foco nos desafios da sa\u00fade mental na contemporaneidade | Guia Comercial de Marab\u00e1 PA\" \/>\n<meta property=\"og:description\" content=\"Semed promove 1\u00ba Simp\u00f3sio de Psicologia focado na sa\u00fade mental\" \/>\n<meta property=\"og:url\" content=\"https:\/\/www.encontrapara.com.br\/maraba\/semed-1o-simposio-de-psicologia-tem-foco-nos-desafios-da-saude-mental-na-contemporaneidade\/\" \/>\n<meta property=\"og:site_name\" content=\"Guia Comercial de Marab\u00e1 PA\" \/>\n<meta property=\"article:published_time\" content=\"2026-08-28T04:36:48+00:00\" \/>\n<meta property=\"og:image\" content=\"https:\/\/www.encontrapara.com.br\/maraba\/wp-content\/uploads\/2026\/08\/semed-1-simposio-de-psicologia-tem-foco-nos-desafios-da-saude-mental-na-contemporaneidade.webp\" \/>\n<meta name=\"author\" content=\"Encontra Marab\u00e1\" \/>\n<meta name=\"twitter:card\" content=\"summary_large_image\" \/>\n<meta name=\"twitter:label1\" content=\"Escrito por\" \/>\n\t<meta name=\"twitter:data1\" content=\"Encontra Marab\u00e1\" \/>\n\t<meta name=\"twitter:label2\" content=\"Est. tempo de leitura\" \/>\n\t<meta name=\"twitter:data2\" content=\"4 minutos\" \/>\n<script type=\"application\/ld+json\" class=\"yoast-schema-graph\">{\"@context\":\"https:\\\/\\\/schema.org\",\"@graph\":[{\"@type\":\"Article\",\"@id\":\"https:\\\/\\\/www.encontrapara.com.br\\\/maraba\\\/semed-1o-simposio-de-psicologia-tem-foco-nos-desafios-da-saude-mental-na-contemporaneidade\\\/#article\",\"isPartOf\":{\"@id\":\"https:\\\/\\\/www.encontrapara.com.br\\\/maraba\\\/semed-1o-simposio-de-psicologia-tem-foco-nos-desafios-da-saude-mental-na-contemporaneidade\\\/\"},\"author\":{\"name\":\"Encontra Marab\u00e1\",\"@id\":\"https:\\\/\\\/www.encontrapara.com.br\\\/maraba\\\/#\\\/schema\\\/person\\\/489c98b1b22d4a1c687875e43fc8b929\"},\"headline\":\"Semed: 1\u00ba Simp\u00f3sio de Psicologia tem foco nos desafios da sa\u00fade mental na contemporaneidade\",\"datePublished\":\"2026-08-28T04:36:48+00:00\",\"mainEntityOfPage\":{\"@id\":\"https:\\\/\\\/www.encontrapara.com.br\\\/maraba\\\/semed-1o-simposio-de-psicologia-tem-foco-nos-desafios-da-saude-mental-na-contemporaneidade\\\/\"},\"wordCount\":815,\"commentCount\":0,\"image\":{\"@id\":\"https:\\\/\\\/www.encontrapara.com.br\\\/maraba\\\/semed-1o-simposio-de-psicologia-tem-foco-nos-desafios-da-saude-mental-na-contemporaneidade\\\/#primaryimage\"},\"thumbnailUrl\":\"https:\\\/\\\/www.encontrapara.com.br\\\/maraba\\\/wp-content\\\/uploads\\\/2026\\\/08\\\/semed-1-simposio-de-psicologia-tem-foco-nos-desafios-da-saude-mental-na-contemporaneidade.webp\",\"articleSection\":[\"Eventos Marab\u00e1\"],\"inLanguage\":\"pt-BR\",\"potentialAction\":[{\"@type\":\"CommentAction\",\"name\":\"Comment\",\"target\":[\"https:\\\/\\\/www.encontrapara.com.br\\\/maraba\\\/semed-1o-simposio-de-psicologia-tem-foco-nos-desafios-da-saude-mental-na-contemporaneidade\\\/#respond\"]}]},{\"@type\":\"WebPage\",\"@id\":\"https:\\\/\\\/www.encontrapara.com.br\\\/maraba\\\/semed-1o-simposio-de-psicologia-tem-foco-nos-desafios-da-saude-mental-na-contemporaneidade\\\/\",\"url\":\"https:\\\/\\\/www.encontrapara.com.br\\\/maraba\\\/semed-1o-simposio-de-psicologia-tem-foco-nos-desafios-da-saude-mental-na-contemporaneidade\\\/\",\"name\":\"Semed: 1\u00ba Simp\u00f3sio de Psicologia tem foco nos desafios da sa\u00fade mental na contemporaneidade | Guia Comercial de Marab\u00e1 PA\",\"isPartOf\":{\"@id\":\"https:\\\/\\\/www.encontrapara.com.br\\\/maraba\\\/#website\"},\"primaryImageOfPage\":{\"@id\":\"https:\\\/\\\/www.encontrapara.com.br\\\/maraba\\\/semed-1o-simposio-de-psicologia-tem-foco-nos-desafios-da-saude-mental-na-contemporaneidade\\\/#primaryimage\"},\"image\":{\"@id\":\"https:\\\/\\\/www.encontrapara.com.br\\\/maraba\\\/semed-1o-simposio-de-psicologia-tem-foco-nos-desafios-da-saude-mental-na-contemporaneidade\\\/#primaryimage\"},\"thumbnailUrl\":\"https:\\\/\\\/www.encontrapara.com.br\\\/maraba\\\/wp-content\\\/uploads\\\/2026\\\/08\\\/semed-1-simposio-de-psicologia-tem-foco-nos-desafios-da-saude-mental-na-contemporaneidade.webp\",\"datePublished\":\"2026-08-28T04:36:48+00:00\",\"author\":{\"@id\":\"https:\\\/\\\/www.encontrapara.com.br\\\/maraba\\\/#\\\/schema\\\/person\\\/489c98b1b22d4a1c687875e43fc8b929\"},\"inLanguage\":\"pt-BR\",\"potentialAction\":[{\"@type\":\"ReadAction\",\"target\":[\"https:\\\/\\\/www.encontrapara.com.br\\\/maraba\\\/semed-1o-simposio-de-psicologia-tem-foco-nos-desafios-da-saude-mental-na-contemporaneidade\\\/\"]}]},{\"@type\":\"ImageObject\",\"inLanguage\":\"pt-BR\",\"@id\":\"https:\\\/\\\/www.encontrapara.com.br\\\/maraba\\\/semed-1o-simposio-de-psicologia-tem-foco-nos-desafios-da-saude-mental-na-contemporaneidade\\\/#primaryimage\",\"url\":\"https:\\\/\\\/www.encontrapara.com.br\\\/maraba\\\/wp-content\\\/uploads\\\/2026\\\/08\\\/semed-1-simposio-de-psicologia-tem-foco-nos-desafios-da-saude-mental-na-contemporaneidade.webp\",\"contentUrl\":\"https:\\\/\\\/www.encontrapara.com.br\\\/maraba\\\/wp-content\\\/uploads\\\/2026\\\/08\\\/semed-1-simposio-de-psicologia-tem-foco-nos-desafios-da-saude-mental-na-contemporaneidade.webp\",\"width\":280,\"height\":280,\"caption\":\"Semed\"},{\"@type\":\"WebSite\",\"@id\":\"https:\\\/\\\/www.encontrapara.com.br\\\/maraba\\\/#website\",\"url\":\"https:\\\/\\\/www.encontrapara.com.br\\\/maraba\\\/\",\"name\":\"Guia Comercial de Marab\u00e1 PA\",\"description\":\"\",\"potentialAction\":[{\"@type\":\"SearchAction\",\"target\":{\"@type\":\"EntryPoint\",\"urlTemplate\":\"https:\\\/\\\/www.encontrapara.com.br\\\/maraba\\\/?s={search_term_string}\"},\"query-input\":{\"@type\":\"PropertyValueSpecification\",\"valueRequired\":true,\"valueName\":\"search_term_string\"}}],\"inLanguage\":\"pt-BR\"},{\"@type\":\"Person\",\"@id\":\"https:\\\/\\\/www.encontrapara.com.br\\\/maraba\\\/#\\\/schema\\\/person\\\/489c98b1b22d4a1c687875e43fc8b929\",\"name\":\"Encontra Marab\u00e1\",\"image\":{\"@type\":\"ImageObject\",\"inLanguage\":\"pt-BR\",\"@id\":\"https:\\\/\\\/secure.gravatar.com\\\/avatar\\\/c50c17820bcf322f0a8fd6b110b8c0918141409dc69076470f6fca5fee70a5d4?s=96&d=mm&r=g\",\"url\":\"https:\\\/\\\/secure.gravatar.com\\\/avatar\\\/c50c17820bcf322f0a8fd6b110b8c0918141409dc69076470f6fca5fee70a5d4?s=96&d=mm&r=g\",\"contentUrl\":\"https:\\\/\\\/secure.gravatar.com\\\/avatar\\\/c50c17820bcf322f0a8fd6b110b8c0918141409dc69076470f6fca5fee70a5d4?s=96&d=mm&r=g\",\"caption\":\"Encontra Marab\u00e1\"},\"url\":\"https:\\\/\\\/www.encontrapara.com.br\\\/maraba\\\/author\\\/encontramaraba\\\/\"}]}<\/script>\n<!-- \/ Yoast SEO plugin. -->","yoast_head_json":{"title":"Semed: 1\u00ba Simp\u00f3sio de Psicologia tem foco nos desafios da sa\u00fade mental na contemporaneidade | Guia Comercial de Marab\u00e1 PA","robots":{"index":"index","follow":"follow","max-snippet":"max-snippet:-1","max-image-preview":"max-image-preview:large","max-video-preview":"max-video-preview:-1"},"canonical":"https:\/\/www.encontrapara.com.br\/maraba\/semed-1o-simposio-de-psicologia-tem-foco-nos-desafios-da-saude-mental-na-contemporaneidade\/","og_locale":"pt_BR","og_type":"article","og_title":"Semed: 1\u00ba Simp\u00f3sio de Psicologia tem foco nos desafios da sa\u00fade mental na contemporaneidade | Guia Comercial de Marab\u00e1 PA","og_description":"Semed promove 1\u00ba Simp\u00f3sio de Psicologia focado na sa\u00fade mental","og_url":"https:\/\/www.encontrapara.com.br\/maraba\/semed-1o-simposio-de-psicologia-tem-foco-nos-desafios-da-saude-mental-na-contemporaneidade\/","og_site_name":"Guia Comercial de Marab\u00e1 PA","article_published_time":"2026-08-28T04:36:48+00:00","og_image":[{"url":"https:\/\/www.encontrapara.com.br\/maraba\/wp-content\/uploads\/2026\/08\/semed-1-simposio-de-psicologia-tem-foco-nos-desafios-da-saude-mental-na-contemporaneidade.webp","type":"","width":"","height":""}],"author":"Encontra Marab\u00e1","twitter_card":"summary_large_image","twitter_misc":{"Escrito por":"Encontra Marab\u00e1","Est. tempo de leitura":"4 minutos"},"schema":{"@context":"https:\/\/schema.org","@graph":[{"@type":"Article","@id":"https:\/\/www.encontrapara.com.br\/maraba\/semed-1o-simposio-de-psicologia-tem-foco-nos-desafios-da-saude-mental-na-contemporaneidade\/#article","isPartOf":{"@id":"https:\/\/www.encontrapara.com.br\/maraba\/semed-1o-simposio-de-psicologia-tem-foco-nos-desafios-da-saude-mental-na-contemporaneidade\/"},"author":{"name":"Encontra Marab\u00e1","@id":"https:\/\/www.encontrapara.com.br\/maraba\/#\/schema\/person\/489c98b1b22d4a1c687875e43fc8b929"},"headline":"Semed: 1\u00ba Simp\u00f3sio de Psicologia tem foco nos desafios da sa\u00fade mental na contemporaneidade","datePublished":"2026-08-28T04:36:48+00:00","mainEntityOfPage":{"@id":"https:\/\/www.encontrapara.com.br\/maraba\/semed-1o-simposio-de-psicologia-tem-foco-nos-desafios-da-saude-mental-na-contemporaneidade\/"},"wordCount":815,"commentCount":0,"image":{"@id":"https:\/\/www.encontrapara.com.br\/maraba\/semed-1o-simposio-de-psicologia-tem-foco-nos-desafios-da-saude-mental-na-contemporaneidade\/#primaryimage"},"thumbnailUrl":"https:\/\/www.encontrapara.com.br\/maraba\/wp-content\/uploads\/2026\/08\/semed-1-simposio-de-psicologia-tem-foco-nos-desafios-da-saude-mental-na-contemporaneidade.webp","articleSection":["Eventos Marab\u00e1"],"inLanguage":"pt-BR","potentialAction":[{"@type":"CommentAction","name":"Comment","target":["https:\/\/www.encontrapara.com.br\/maraba\/semed-1o-simposio-de-psicologia-tem-foco-nos-desafios-da-saude-mental-na-contemporaneidade\/#respond"]}]},{"@type":"WebPage","@id":"https:\/\/www.encontrapara.com.br\/maraba\/semed-1o-simposio-de-psicologia-tem-foco-nos-desafios-da-saude-mental-na-contemporaneidade\/","url":"https:\/\/www.encontrapara.com.br\/maraba\/semed-1o-simposio-de-psicologia-tem-foco-nos-desafios-da-saude-mental-na-contemporaneidade\/","name":"Semed: 1\u00ba Simp\u00f3sio de Psicologia tem foco nos desafios da sa\u00fade mental na contemporaneidade | Guia Comercial de Marab\u00e1 PA","isPartOf":{"@id":"https:\/\/www.encontrapara.com.br\/maraba\/#website"},"primaryImageOfPage":{"@id":"https:\/\/www.encontrapara.com.br\/maraba\/semed-1o-simposio-de-psicologia-tem-foco-nos-desafios-da-saude-mental-na-contemporaneidade\/#primaryimage"},"image":{"@id":"https:\/\/www.encontrapara.com.br\/maraba\/semed-1o-simposio-de-psicologia-tem-foco-nos-desafios-da-saude-mental-na-contemporaneidade\/#primaryimage"},"thumbnailUrl":"https:\/\/www.encontrapara.com.br\/maraba\/wp-content\/uploads\/2026\/08\/semed-1-simposio-de-psicologia-tem-foco-nos-desafios-da-saude-mental-na-contemporaneidade.webp","datePublished":"2026-08-28T04:36:48+00:00","author":{"@id":"https:\/\/www.encontrapara.com.br\/maraba\/#\/schema\/person\/489c98b1b22d4a1c687875e43fc8b929"},"inLanguage":"pt-BR","potentialAction":[{"@type":"ReadAction","target":["https:\/\/www.encontrapara.com.br\/maraba\/semed-1o-simposio-de-psicologia-tem-foco-nos-desafios-da-saude-mental-na-contemporaneidade\/"]}]},{"@type":"ImageObject","inLanguage":"pt-BR","@id":"https:\/\/www.encontrapara.com.br\/maraba\/semed-1o-simposio-de-psicologia-tem-foco-nos-desafios-da-saude-mental-na-contemporaneidade\/#primaryimage","url":"https:\/\/www.encontrapara.com.br\/maraba\/wp-content\/uploads\/2026\/08\/semed-1-simposio-de-psicologia-tem-foco-nos-desafios-da-saude-mental-na-contemporaneidade.webp","contentUrl":"https:\/\/www.encontrapara.com.br\/maraba\/wp-content\/uploads\/2026\/08\/semed-1-simposio-de-psicologia-tem-foco-nos-desafios-da-saude-mental-na-contemporaneidade.webp","width":280,"height":280,"caption":"Semed"},{"@type":"WebSite","@id":"https:\/\/www.encontrapara.com.br\/maraba\/#website","url":"https:\/\/www.encontrapara.com.br\/maraba\/","name":"Guia Comercial de Marab\u00e1 PA","description":"","potentialAction":[{"@type":"SearchAction","target":{"@type":"EntryPoint","urlTemplate":"https:\/\/www.encontrapara.com.br\/maraba\/?s={search_term_string}"},"query-input":{"@type":"PropertyValueSpecification","valueRequired":true,"valueName":"search_term_string"}}],"inLanguage":"pt-BR"},{"@type":"Person","@id":"https:\/\/www.encontrapara.com.br\/maraba\/#\/schema\/person\/489c98b1b22d4a1c687875e43fc8b929","name":"Encontra Marab\u00e1","image":{"@type":"ImageObject","inLanguage":"pt-BR","@id":"https:\/\/secure.gravatar.com\/avatar\/c50c17820bcf322f0a8fd6b110b8c0918141409dc69076470f6fca5fee70a5d4?s=96&d=mm&r=g","url":"https:\/\/secure.gravatar.com\/avatar\/c50c17820bcf322f0a8fd6b110b8c0918141409dc69076470f6fca5fee70a5d4?s=96&d=mm&r=g","contentUrl":"https:\/\/secure.gravatar.com\/avatar\/c50c17820bcf322f0a8fd6b110b8c0918141409dc69076470f6fca5fee70a5d4?s=96&d=mm&r=g","caption":"Encontra Marab\u00e1"},"url":"https:\/\/www.encontrapara.com.br\/maraba\/author\/encontramaraba\/"}]}},"_links":{"self":[{"href":"https:\/\/www.encontrapara.com.br\/maraba\/wp-json\/wp\/v2\/posts\/6011","targetHints":{"allow":["GET"]}}],"collection":[{"href":"https:\/\/www.encontrapara.com.br\/maraba\/wp-json\/wp\/v2\/posts"}],"about":[{"href":"https:\/\/www.encontrapara.com.br\/maraba\/wp-json\/wp\/v2\/types\/post"}],"author":[{"embeddable":true,"href":"https:\/\/www.encontrapara.com.br\/maraba\/wp-json\/wp\/v2\/users\/1"}],"replies":[{"embeddable":true,"href":"https:\/\/www.encontrapara.com.br\/maraba\/wp-json\/wp\/v2\/comments?post=6011"}],"version-history":[{"count":0,"href":"https:\/\/www.encontrapara.com.br\/maraba\/wp-json\/wp\/v2\/posts\/6011\/revisions"}],"wp:featuredmedia":[{"embeddable":true,"href":"https:\/\/www.encontrapara.com.br\/maraba\/wp-json\/wp\/v2\/media\/6010"}],"wp:attachment":[{"href":"https:\/\/www.encontrapara.com.br\/maraba\/wp-json\/wp\/v2\/media?parent=6011"}],"wp:term":[{"taxonomy":"category","embeddable":true,"href":"https:\/\/www.encontrapara.com.br\/maraba\/wp-json\/wp\/v2\/categories?post=6011"},{"taxonomy":"post_tag","embeddable":true,"href":"https:\/\/www.encontrapara.com.br\/maraba\/wp-json\/wp\/v2\/tags?post=6011"}],"curies":[{"name":"wp","href":"https:\/\/api.w.org\/{rel}","templated":true}]}}