{"id":5383,"date":"2026-05-03T07:45:06","date_gmt":"2026-05-03T10:45:06","guid":{"rendered":"https:\/\/www.encontrapara.com.br\/maraba\/maraba-deve-ter-um-dia-com-muitas-nuvens-nesta-quinta\/"},"modified":"2026-05-03T07:45:06","modified_gmt":"2026-05-03T10:45:06","slug":"maraba-deve-ter-um-dia-com-muitas-nuvens-nesta-quinta","status":"publish","type":"post","link":"https:\/\/www.encontrapara.com.br\/maraba\/maraba-deve-ter-um-dia-com-muitas-nuvens-nesta-quinta\/","title":{"rendered":"Marab\u00e1 deve ter um dia com muitas nuvens nesta quinta"},"content":{"rendered":"<h2>Como ser\u00e1 o dia em Marab\u00e1?<\/h2>\n<p>Nesta quinta-feira, 09 de abril de 2026, a cidade de Marab\u00e1, localizada no Par\u00e1, dever\u00e1 enfrentar uma jornada repleta de nuvens. De acordo com relatos do <strong>Instituto Nacional de Meteorologia (INMET)<\/strong>, as temperaturas durante o dia ir\u00e3o variar entre <strong>23\u00b0C<\/strong> e <strong>30\u00b0C<\/strong>, com uma significativa presen\u00e7a de nuvens ao longo das horas.<\/p>\n<h2>Temperaturas da manh\u00e3 e tarde<\/h2>\n<p>Na madrugada, as temperaturas come\u00e7ar\u00e3o agradavelmente em torno de <strong>23\u00b0C<\/strong>, proporcionando um clima confort\u00e1vel. Ao longo da manh\u00e3, a temperatura ir\u00e1 se elevar, alcan\u00e7ando o pico de <strong>30\u00b0C<\/strong> por volta da tarde. Quando a noite chegar, erwarten-se temperaturas novamente em <strong>23\u00b0C<\/strong>, mantendo a estabilidade t\u00e9rmica da regi\u00e3o.<\/p>\n<h2>Umidade do ar e suas varia\u00e7\u00f5es<\/h2>\n<p>A umidade relativa em Marab\u00e1 apresentar\u00e1 varia\u00e7\u00f5es significativas durante o dia. A previs\u00e3o \u00e9 de que a umidade atinja <strong>100%<\/strong> pela manh\u00e3, especialmente em momentos de maior aporte de nuvens, e diminua para <strong>70%<\/strong> nos per\u00edodos mais secos, que tendem a ocorrer durante a tarde.<\/p>\n<p><img decoding=\"async\" src=\"https:\/\/www.encontrapara.com.br\/maraba\/wp-content\/uploads\/2026\/05\/maraba-deve-ter-um-dia-com-muitas-nuvens-nesta-quinta.webp\" alt=\"Marab\u00e1 com muitas nuvens\" loading=\"lazy\" \/><\/p>\n<h2>Ventos e suas dire\u00e7\u00f5es<\/h2>\n<p>Os ventos em Marab\u00e1 permanecer\u00e3o predominantemente fracos, soprando em dire\u00e7\u00e3o do nordeste para o norte. Essa brisa leve contribuir\u00e1 para uma sensa\u00e7\u00e3o fresca, especialmente nas primeiras horas do dia.<\/p>\n<h2>Previs\u00e3o para os pr\u00f3ximos dias<\/h2>\n<ul>\n<li><strong>Sexta-feira (10\/04\/2026):<\/strong> C\u00e9u encoberto pela manh\u00e3 e \u00e0 tarde, com chance de garoa \u00e0 noite. Temperaturas variando entre <strong>22\u00b0C<\/strong> e <strong>29\u00b0C<\/strong>.<\/li>\n<li><strong>S\u00e1bado (11\/04\/2026):<\/strong> Expectativa de nuvens com possibilidade de pancadas de chuva, variando entre <strong>22\u00b0C<\/strong> e <strong>30\u00b0C<\/strong>.<\/li>\n<li><strong>Domingo (12\/04\/2026):<\/strong> C\u00e9u extremamente nublado, com tempestades localizadas, temperaturas em torno de <strong>23\u00b0C<\/strong> a <strong>30\u00b0C<\/strong>.<\/li>\n<li><strong>Segunda-feira (13\/04\/2026):<\/strong> Previs\u00e3o de garoa fina, temperaturas entre <strong>23\u00b0C<\/strong> e <strong>31\u00b0C<\/strong>.<\/li>\n<\/ul>\n<h2>Impactos das nuvens na temperatura<\/h2>\n<p>A presen\u00e7a de muitas nuvens \u00e9 um fator que pode modificar a percep\u00e7\u00e3o t\u00e9rmica da popula\u00e7\u00e3o. Durante o dia, a cobertura nubosa tende a suavizar o calor intenso do sol, especialmente nas manh\u00e3s e nas tardes mais quentes. Essa din\u00e2mica pode proporcionar uma sensa\u00e7\u00e3o de frescor, mesmo quando os term\u00f4metros indicam temperaturas elevadas.<\/p>\n<h2>Recomenda\u00e7\u00f5es para o dia nublado<\/h2>\n<p>No dia em que o c\u00e9u estiver nublado, algumas recomenda\u00e7\u00f5es s\u00e3o valiosas:<\/p>\n<ul>\n<li>Usar roupas leves e confort\u00e1veis, uma vez que as temperaturas podem subir durante o dia.<\/li>\n<li>Traga um guarda-chuva ou capa de chuva, especialmente para a tarde, quando as pancadas podem ocorrer.<\/li>\n<li>Se pretende estar ao ar livre, considere as horas mais frescas do dia, como as primeiras horas da manh\u00e3 ou as finais da noite.<\/li>\n<\/ul>\n<h2>Hor\u00e1rio do nascer e p\u00f4r do sol<\/h2>\n<p>O <strong>nascer do sol<\/strong> em Marab\u00e1 est\u00e1 previsto para \u00e0s <strong>06h22<\/strong>, e o <strong>p\u00f4r do sol<\/strong> ocorrer\u00e1 \u00e0s <strong>18h23<\/strong>. Esses hor\u00e1rios s\u00e3o ideais para aproveitar o melhor do clima, especialmente nos momentos em que as temperaturas est\u00e3o mais amenas.<\/p>\n<h2>Curiosidades sobre o clima de Marab\u00e1<\/h2>\n<p>Marab\u00e1 \u00e9 conhecida por seu clima tropical, onde a umidade \u00e9 alta durante todo o ano. Durante a esta\u00e7\u00e3o das chuvas, que ocorre entre dezembro e maio, as precipita\u00e7\u00f5es se tornam mais frequentes, resultando em um aumento significativo da vegeta\u00e7\u00e3o local. Essa caracter\u00edstica do clima atrai diversas atividades ao ar livre, como caminhadas e passeios pela natureza.<\/p>\n<h2>Dicas para aproveitar o dia nublado<\/h2>\n<p>Mesmo em um dia coberto de nuvens, h\u00e1 v\u00e1rias maneiras de aproveitar Marab\u00e1:<\/p>\n<ul>\n<li>Visitar centros culturais ou museus que mantenham a riqueza hist\u00f3rica da regi\u00e3o.<\/li>\n<li>Optar por caf\u00e9s ou restaurantes que apresentam uma variedade de pratos t\u00edpicos.<\/li>\n<li>Aproveitar a oportunidade para ler um bom livro em casa ou em um local aconchegante, j\u00e1 que o clima ameno \u00e9 ideal para isso.<\/li>\n<\/ul>\n","protected":false},"excerpt":{"rendered":"<p>Marab\u00e1 ter\u00e1 um dia nublado com temperaturas variando entre 23\u00b0C e 30\u00b0C.<\/p>\n","protected":false},"author":1,"featured_media":5382,"comment_status":"open","ping_status":"","sticky":false,"template":"","format":"standard","meta":{"footnotes":""},"categories":[5],"tags":[],"class_list":["post-5383","post","type-post","status-publish","format-standard","has-post-thumbnail","hentry","category-noticias","has_thumb"],"yoast_head":"<!-- This site is optimized with the Yoast SEO plugin v27.2 - https:\/\/yoast.com\/product\/yoast-seo-wordpress\/ -->\n<title>Marab\u00e1 deve ter um dia com muitas nuvens nesta quinta | Guia Comercial de Marab\u00e1 PA<\/title>\n<meta name=\"robots\" content=\"index, follow, max-snippet:-1, max-image-preview:large, max-video-preview:-1\" \/>\n<link rel=\"canonical\" href=\"https:\/\/www.encontrapara.com.br\/maraba\/maraba-deve-ter-um-dia-com-muitas-nuvens-nesta-quinta\/\" \/>\n<meta property=\"og:locale\" content=\"pt_BR\" \/>\n<meta property=\"og:type\" content=\"article\" \/>\n<meta property=\"og:title\" content=\"Marab\u00e1 deve ter um dia com muitas nuvens nesta quinta | Guia Comercial de Marab\u00e1 PA\" \/>\n<meta property=\"og:description\" content=\"Marab\u00e1 ter\u00e1 um dia nublado com temperaturas variando entre 23\u00b0C e 30\u00b0C.\" \/>\n<meta property=\"og:url\" content=\"https:\/\/www.encontrapara.com.br\/maraba\/maraba-deve-ter-um-dia-com-muitas-nuvens-nesta-quinta\/\" \/>\n<meta property=\"og:site_name\" content=\"Guia Comercial de Marab\u00e1 PA\" \/>\n<meta property=\"article:published_time\" content=\"2026-05-03T10:45:06+00:00\" \/>\n<meta property=\"og:image\" content=\"https:\/\/www.encontrapara.com.br\/maraba\/wp-content\/uploads\/2026\/05\/maraba-deve-ter-um-dia-com-muitas-nuvens-nesta-quinta.webp\" \/>\n<meta name=\"author\" content=\"Encontra Marab\u00e1\" \/>\n<meta name=\"twitter:card\" content=\"summary_large_image\" \/>\n<meta name=\"twitter:label1\" content=\"Escrito por\" \/>\n\t<meta name=\"twitter:data1\" content=\"Encontra Marab\u00e1\" \/>\n\t<meta name=\"twitter:label2\" content=\"Est. tempo de leitura\" \/>\n\t<meta name=\"twitter:data2\" content=\"3 minutos\" \/>\n<script type=\"application\/ld+json\" class=\"yoast-schema-graph\">{\"@context\":\"https:\/\/schema.org\",\"@graph\":[{\"@type\":\"Article\",\"@id\":\"https:\/\/www.encontrapara.com.br\/maraba\/maraba-deve-ter-um-dia-com-muitas-nuvens-nesta-quinta\/#article\",\"isPartOf\":{\"@id\":\"https:\/\/www.encontrapara.com.br\/maraba\/maraba-deve-ter-um-dia-com-muitas-nuvens-nesta-quinta\/\"},\"author\":{\"name\":\"Encontra Marab\u00e1\",\"@id\":\"https:\/\/www.encontrapara.com.br\/maraba\/#\/schema\/person\/489c98b1b22d4a1c687875e43fc8b929\"},\"headline\":\"Marab\u00e1 deve ter um dia com muitas nuvens nesta quinta\",\"datePublished\":\"2026-05-03T10:45:06+00:00\",\"mainEntityOfPage\":{\"@id\":\"https:\/\/www.encontrapara.com.br\/maraba\/maraba-deve-ter-um-dia-com-muitas-nuvens-nesta-quinta\/\"},\"wordCount\":613,\"commentCount\":0,\"image\":{\"@id\":\"https:\/\/www.encontrapara.com.br\/maraba\/maraba-deve-ter-um-dia-com-muitas-nuvens-nesta-quinta\/#primaryimage\"},\"thumbnailUrl\":\"https:\/\/www.encontrapara.com.br\/maraba\/wp-content\/uploads\/2026\/05\/maraba-deve-ter-um-dia-com-muitas-nuvens-nesta-quinta.webp\",\"articleSection\":[\"Not\u00edcias Marab\u00e1\"],\"inLanguage\":\"pt-BR\",\"potentialAction\":[{\"@type\":\"CommentAction\",\"name\":\"Comment\",\"target\":[\"https:\/\/www.encontrapara.com.br\/maraba\/maraba-deve-ter-um-dia-com-muitas-nuvens-nesta-quinta\/#respond\"]}]},{\"@type\":\"WebPage\",\"@id\":\"https:\/\/www.encontrapara.com.br\/maraba\/maraba-deve-ter-um-dia-com-muitas-nuvens-nesta-quinta\/\",\"url\":\"https:\/\/www.encontrapara.com.br\/maraba\/maraba-deve-ter-um-dia-com-muitas-nuvens-nesta-quinta\/\",\"name\":\"Marab\u00e1 deve ter um dia com muitas nuvens nesta quinta | Guia Comercial de Marab\u00e1 PA\",\"isPartOf\":{\"@id\":\"https:\/\/www.encontrapara.com.br\/maraba\/#website\"},\"primaryImageOfPage\":{\"@id\":\"https:\/\/www.encontrapara.com.br\/maraba\/maraba-deve-ter-um-dia-com-muitas-nuvens-nesta-quinta\/#primaryimage\"},\"image\":{\"@id\":\"https:\/\/www.encontrapara.com.br\/maraba\/maraba-deve-ter-um-dia-com-muitas-nuvens-nesta-quinta\/#primaryimage\"},\"thumbnailUrl\":\"https:\/\/www.encontrapara.com.br\/maraba\/wp-content\/uploads\/2026\/05\/maraba-deve-ter-um-dia-com-muitas-nuvens-nesta-quinta.webp\",\"datePublished\":\"2026-05-03T10:45:06+00:00\",\"author\":{\"@id\":\"https:\/\/www.encontrapara.com.br\/maraba\/#\/schema\/person\/489c98b1b22d4a1c687875e43fc8b929\"},\"inLanguage\":\"pt-BR\",\"potentialAction\":[{\"@type\":\"ReadAction\",\"target\":[\"https:\/\/www.encontrapara.com.br\/maraba\/maraba-deve-ter-um-dia-com-muitas-nuvens-nesta-quinta\/\"]}]},{\"@type\":\"ImageObject\",\"inLanguage\":\"pt-BR\",\"@id\":\"https:\/\/www.encontrapara.com.br\/maraba\/maraba-deve-ter-um-dia-com-muitas-nuvens-nesta-quinta\/#primaryimage\",\"url\":\"https:\/\/www.encontrapara.com.br\/maraba\/wp-content\/uploads\/2026\/05\/maraba-deve-ter-um-dia-com-muitas-nuvens-nesta-quinta.webp\",\"contentUrl\":\"https:\/\/www.encontrapara.com.br\/maraba\/wp-content\/uploads\/2026\/05\/maraba-deve-ter-um-dia-com-muitas-nuvens-nesta-quinta.webp\",\"width\":280,\"height\":280,\"caption\":\"Marab\u00e1 com muitas nuvens\"},{\"@type\":\"WebSite\",\"@id\":\"https:\/\/www.encontrapara.com.br\/maraba\/#website\",\"url\":\"https:\/\/www.encontrapara.com.br\/maraba\/\",\"name\":\"Guia Comercial de Marab\u00e1 PA\",\"description\":\"\",\"potentialAction\":[{\"@type\":\"SearchAction\",\"target\":{\"@type\":\"EntryPoint\",\"urlTemplate\":\"https:\/\/www.encontrapara.com.br\/maraba\/?s={search_term_string}\"},\"query-input\":{\"@type\":\"PropertyValueSpecification\",\"valueRequired\":true,\"valueName\":\"search_term_string\"}}],\"inLanguage\":\"pt-BR\"},{\"@type\":\"Person\",\"@id\":\"https:\/\/www.encontrapara.com.br\/maraba\/#\/schema\/person\/489c98b1b22d4a1c687875e43fc8b929\",\"name\":\"Encontra Marab\u00e1\",\"image\":{\"@type\":\"ImageObject\",\"inLanguage\":\"pt-BR\",\"@id\":\"https:\/\/secure.gravatar.com\/avatar\/c50c17820bcf322f0a8fd6b110b8c0918141409dc69076470f6fca5fee70a5d4?s=96&d=mm&r=g\",\"url\":\"https:\/\/secure.gravatar.com\/avatar\/c50c17820bcf322f0a8fd6b110b8c0918141409dc69076470f6fca5fee70a5d4?s=96&d=mm&r=g\",\"contentUrl\":\"https:\/\/secure.gravatar.com\/avatar\/c50c17820bcf322f0a8fd6b110b8c0918141409dc69076470f6fca5fee70a5d4?s=96&d=mm&r=g\",\"caption\":\"Encontra Marab\u00e1\"},\"url\":\"https:\/\/www.encontrapara.com.br\/maraba\/author\/encontramaraba\/\"}]}<\/script>\n<!-- \/ Yoast SEO plugin. -->","yoast_head_json":{"title":"Marab\u00e1 deve ter um dia com muitas nuvens nesta quinta | Guia Comercial de Marab\u00e1 PA","robots":{"index":"index","follow":"follow","max-snippet":"max-snippet:-1","max-image-preview":"max-image-preview:large","max-video-preview":"max-video-preview:-1"},"canonical":"https:\/\/www.encontrapara.com.br\/maraba\/maraba-deve-ter-um-dia-com-muitas-nuvens-nesta-quinta\/","og_locale":"pt_BR","og_type":"article","og_title":"Marab\u00e1 deve ter um dia com muitas nuvens nesta quinta | Guia Comercial de Marab\u00e1 PA","og_description":"Marab\u00e1 ter\u00e1 um dia nublado com temperaturas variando entre 23\u00b0C e 30\u00b0C.","og_url":"https:\/\/www.encontrapara.com.br\/maraba\/maraba-deve-ter-um-dia-com-muitas-nuvens-nesta-quinta\/","og_site_name":"Guia Comercial de Marab\u00e1 PA","article_published_time":"2026-05-03T10:45:06+00:00","og_image":[{"url":"https:\/\/www.encontrapara.com.br\/maraba\/wp-content\/uploads\/2026\/05\/maraba-deve-ter-um-dia-com-muitas-nuvens-nesta-quinta.webp","type":"","width":"","height":""}],"author":"Encontra Marab\u00e1","twitter_card":"summary_large_image","twitter_misc":{"Escrito por":"Encontra Marab\u00e1","Est. tempo de leitura":"3 minutos"},"schema":{"@context":"https:\/\/schema.org","@graph":[{"@type":"Article","@id":"https:\/\/www.encontrapara.com.br\/maraba\/maraba-deve-ter-um-dia-com-muitas-nuvens-nesta-quinta\/#article","isPartOf":{"@id":"https:\/\/www.encontrapara.com.br\/maraba\/maraba-deve-ter-um-dia-com-muitas-nuvens-nesta-quinta\/"},"author":{"name":"Encontra Marab\u00e1","@id":"https:\/\/www.encontrapara.com.br\/maraba\/#\/schema\/person\/489c98b1b22d4a1c687875e43fc8b929"},"headline":"Marab\u00e1 deve ter um dia com muitas nuvens nesta quinta","datePublished":"2026-05-03T10:45:06+00:00","mainEntityOfPage":{"@id":"https:\/\/www.encontrapara.com.br\/maraba\/maraba-deve-ter-um-dia-com-muitas-nuvens-nesta-quinta\/"},"wordCount":613,"commentCount":0,"image":{"@id":"https:\/\/www.encontrapara.com.br\/maraba\/maraba-deve-ter-um-dia-com-muitas-nuvens-nesta-quinta\/#primaryimage"},"thumbnailUrl":"https:\/\/www.encontrapara.com.br\/maraba\/wp-content\/uploads\/2026\/05\/maraba-deve-ter-um-dia-com-muitas-nuvens-nesta-quinta.webp","articleSection":["Not\u00edcias Marab\u00e1"],"inLanguage":"pt-BR","potentialAction":[{"@type":"CommentAction","name":"Comment","target":["https:\/\/www.encontrapara.com.br\/maraba\/maraba-deve-ter-um-dia-com-muitas-nuvens-nesta-quinta\/#respond"]}]},{"@type":"WebPage","@id":"https:\/\/www.encontrapara.com.br\/maraba\/maraba-deve-ter-um-dia-com-muitas-nuvens-nesta-quinta\/","url":"https:\/\/www.encontrapara.com.br\/maraba\/maraba-deve-ter-um-dia-com-muitas-nuvens-nesta-quinta\/","name":"Marab\u00e1 deve ter um dia com muitas nuvens nesta quinta | Guia Comercial de Marab\u00e1 PA","isPartOf":{"@id":"https:\/\/www.encontrapara.com.br\/maraba\/#website"},"primaryImageOfPage":{"@id":"https:\/\/www.encontrapara.com.br\/maraba\/maraba-deve-ter-um-dia-com-muitas-nuvens-nesta-quinta\/#primaryimage"},"image":{"@id":"https:\/\/www.encontrapara.com.br\/maraba\/maraba-deve-ter-um-dia-com-muitas-nuvens-nesta-quinta\/#primaryimage"},"thumbnailUrl":"https:\/\/www.encontrapara.com.br\/maraba\/wp-content\/uploads\/2026\/05\/maraba-deve-ter-um-dia-com-muitas-nuvens-nesta-quinta.webp","datePublished":"2026-05-03T10:45:06+00:00","author":{"@id":"https:\/\/www.encontrapara.com.br\/maraba\/#\/schema\/person\/489c98b1b22d4a1c687875e43fc8b929"},"inLanguage":"pt-BR","potentialAction":[{"@type":"ReadAction","target":["https:\/\/www.encontrapara.com.br\/maraba\/maraba-deve-ter-um-dia-com-muitas-nuvens-nesta-quinta\/"]}]},{"@type":"ImageObject","inLanguage":"pt-BR","@id":"https:\/\/www.encontrapara.com.br\/maraba\/maraba-deve-ter-um-dia-com-muitas-nuvens-nesta-quinta\/#primaryimage","url":"https:\/\/www.encontrapara.com.br\/maraba\/wp-content\/uploads\/2026\/05\/maraba-deve-ter-um-dia-com-muitas-nuvens-nesta-quinta.webp","contentUrl":"https:\/\/www.encontrapara.com.br\/maraba\/wp-content\/uploads\/2026\/05\/maraba-deve-ter-um-dia-com-muitas-nuvens-nesta-quinta.webp","width":280,"height":280,"caption":"Marab\u00e1 com muitas nuvens"},{"@type":"WebSite","@id":"https:\/\/www.encontrapara.com.br\/maraba\/#website","url":"https:\/\/www.encontrapara.com.br\/maraba\/","name":"Guia Comercial de Marab\u00e1 PA","description":"","potentialAction":[{"@type":"SearchAction","target":{"@type":"EntryPoint","urlTemplate":"https:\/\/www.encontrapara.com.br\/maraba\/?s={search_term_string}"},"query-input":{"@type":"PropertyValueSpecification","valueRequired":true,"valueName":"search_term_string"}}],"inLanguage":"pt-BR"},{"@type":"Person","@id":"https:\/\/www.encontrapara.com.br\/maraba\/#\/schema\/person\/489c98b1b22d4a1c687875e43fc8b929","name":"Encontra Marab\u00e1","image":{"@type":"ImageObject","inLanguage":"pt-BR","@id":"https:\/\/secure.gravatar.com\/avatar\/c50c17820bcf322f0a8fd6b110b8c0918141409dc69076470f6fca5fee70a5d4?s=96&d=mm&r=g","url":"https:\/\/secure.gravatar.com\/avatar\/c50c17820bcf322f0a8fd6b110b8c0918141409dc69076470f6fca5fee70a5d4?s=96&d=mm&r=g","contentUrl":"https:\/\/secure.gravatar.com\/avatar\/c50c17820bcf322f0a8fd6b110b8c0918141409dc69076470f6fca5fee70a5d4?s=96&d=mm&r=g","caption":"Encontra Marab\u00e1"},"url":"https:\/\/www.encontrapara.com.br\/maraba\/author\/encontramaraba\/"}]}},"_links":{"self":[{"href":"https:\/\/www.encontrapara.com.br\/maraba\/wp-json\/wp\/v2\/posts\/5383","targetHints":{"allow":["GET"]}}],"collection":[{"href":"https:\/\/www.encontrapara.com.br\/maraba\/wp-json\/wp\/v2\/posts"}],"about":[{"href":"https:\/\/www.encontrapara.com.br\/maraba\/wp-json\/wp\/v2\/types\/post"}],"author":[{"embeddable":true,"href":"https:\/\/www.encontrapara.com.br\/maraba\/wp-json\/wp\/v2\/users\/1"}],"replies":[{"embeddable":true,"href":"https:\/\/www.encontrapara.com.br\/maraba\/wp-json\/wp\/v2\/comments?post=5383"}],"version-history":[{"count":0,"href":"https:\/\/www.encontrapara.com.br\/maraba\/wp-json\/wp\/v2\/posts\/5383\/revisions"}],"wp:featuredmedia":[{"embeddable":true,"href":"https:\/\/www.encontrapara.com.br\/maraba\/wp-json\/wp\/v2\/media\/5382"}],"wp:attachment":[{"href":"https:\/\/www.encontrapara.com.br\/maraba\/wp-json\/wp\/v2\/media?parent=5383"}],"wp:term":[{"taxonomy":"category","embeddable":true,"href":"https:\/\/www.encontrapara.com.br\/maraba\/wp-json\/wp\/v2\/categories?post=5383"},{"taxonomy":"post_tag","embeddable":true,"href":"https:\/\/www.encontrapara.com.br\/maraba\/wp-json\/wp\/v2\/tags?post=5383"}],"curies":[{"name":"wp","href":"https:\/\/api.w.org\/{rel}","templated":true}]}}