{"id":5377,"date":"2026-05-02T07:44:16","date_gmt":"2026-05-02T10:44:16","guid":{"rendered":"https:\/\/www.encontrapara.com.br\/maraba\/maraba-deve-ter-um-dia-com-chuva-em-areas-especificas-neste-sabado-02\/"},"modified":"2026-05-02T07:44:16","modified_gmt":"2026-05-02T10:44:16","slug":"maraba-deve-ter-um-dia-com-chuva-em-areas-especificas-neste-sabado-02","status":"publish","type":"post","link":"https:\/\/www.encontrapara.com.br\/maraba\/maraba-deve-ter-um-dia-com-chuva-em-areas-especificas-neste-sabado-02\/","title":{"rendered":"Marab\u00e1 deve ter um dia com chuva em \u00e1reas espec\u00edficas neste s\u00e1bado (02)"},"content":{"rendered":"<h2>Previs\u00e3o do Tempo em Marab\u00e1<\/h2>\n<p>No pr\u00f3ximo s\u00e1bado, a cidade de Marab\u00e1, localizada no estado do Par\u00e1, enfrentar\u00e1 um cen\u00e1rio clim\u00e1tico com possibilidade de chuvas em \u00e1reas espec\u00edficas. Segundo o Instituto Nacional de Meteorologia, as temperaturas devem variar entre 23\u00b0C e 30\u00b0C, oferecendo um dia marcado por altern\u00e2ncias clim\u00e1ticas.<\/p>\n<h2>Temperaturas ao Longo do Dia<\/h2>\n<p>A previs\u00e3o para o decorrer do dia indica que Marab\u00e1 come\u00e7ar\u00e1 a madrugada com temperaturas amenas, em torno de 23\u00b0C. Ao longo da manh\u00e3, a temperatura tende a subir, alcan\u00e7ando at\u00e9 30\u00b0C. Durante a tarde, espera-se que o calor continue, mantendo a m\u00e1xima prevista em 30\u00b0C, enquanto as temperaturas \u00e0 noite devem retornar a 23\u00b0C, proporcionando um final de dia agrad\u00e1vel.<\/p>\n<h2>Umidade Relativa do Ar<\/h2>\n<p>A umidade relativa do ar em Marab\u00e1 apresentar\u00e1 varia\u00e7\u00f5es ao longo do dia, prevendo-se uma alta de 100% nas primeiras horas da manh\u00e3, que gradualmente deve cair para cerca de 60% nos per\u00edodos mais secos da tarde. Essa umidade intensa poder\u00e1 favorecer a forma\u00e7\u00e3o de chuvas.<\/p>\n<p><img decoding=\"async\" src=\"https:\/\/www.encontrapara.com.br\/maraba\/wp-content\/uploads\/2026\/05\/maraba-deve-ter-um-dia-com-chuva-em-areas-especificas-neste-sabado-02.webp\" alt=\"Marab\u00e1 dia com chuva\" loading=\"lazy\" \/><\/p>\n<h2>Dire\u00e7\u00e3o e Intensidade do Vento<\/h2>\n<p>Os ventos que soprar\u00e3o em Marab\u00e1 durante o dia ser\u00e3o predominantemente fracos, seguindo uma dire\u00e7\u00e3o do sudeste para o sul. O nascer do sol est\u00e1 previsto para ocorrer \u00e0s 06h20, enquanto o p\u00f4r do sol ser\u00e1 por volta das 18h15, criando um ambiente prop\u00edcio para que os moradores possam desfrutar de um dia variado.<\/p>\n<h2>Expectativas para os Pr\u00f3ximos Dias<\/h2>\n<p>Os padr\u00f5es clim\u00e1ticos para os pr\u00f3ximos dias em Marab\u00e1 tamb\u00e9m ser\u00e3o interessantes:<\/p>\n<ul>\n<li><strong>Domingo:<\/strong> Espera-se c\u00e9u nublado pela manh\u00e3, com altas temperaturas variando entre 23\u00b0C e 31\u00b0C.<\/li>\n<li><strong>Segunda-feira:<\/strong> As temperaturas ficam entre 22\u00b0C e 30\u00b0C, com possibilidade de chuvas em \u00e1reas espec\u00edficas.<\/li>\n<li><strong>Ter\u00e7a-feira:<\/strong> A previs\u00e3o indica temperaturas de 21\u00b0C a 31\u00b0C, com c\u00e9u nublado e breves pancadas de chuva.<\/li>\n<li><strong>Quarta-feira:<\/strong> Dever\u00e1 ser um dia \u00famido com temperaturas de 22\u00b0C a 32\u00b0C.<\/li>\n<\/ul>\n<h2>Comparativo com Outros Munic\u00edpios<\/h2>\n<p>Quando observamos a previs\u00e3o do tempo em Marab\u00e1 e a comparamos com outras regi\u00f5es, nota-se que a umidade e as chuvas s\u00e3o caracter\u00edsticas que se assemelham a munic\u00edpios de clima tropical. Por exemplo:<\/p>\n<ul>\n<li><strong>Santa B\u00e1rbara d&#8217;Oeste:<\/strong> Tamb\u00e9m prevendo chuvas r\u00e1pidas, com c\u00e9u nublado.<\/li>\n<li><strong>Novo Gama:<\/strong> Espera-se sol entre poucas nuvens, com menos probabilidade de chuvas.<\/li>\n<li><strong>Tr\u00eas Lagoas:<\/strong> Assim como Marab\u00e1, \u00e9 esperado um dia com chuvas em locais espec\u00edficos.<\/li>\n<\/ul>\n<h2>Dicas para Aproveitar o Clima<\/h2>\n<p>Aproveitar um dia chuvoso em Marab\u00e1 pode ser agrad\u00e1vel se voc\u00ea se preparar adequadamente. Algumas dicas incluem:<\/p>\n<ul>\n<li><strong>Utilize capas de chuva:<\/strong> S\u00e3o pr\u00e1ticas e ajudam a se manter seco.<\/li>\n<li><strong>Atividades indoor:<\/strong> Aproveite para ler um livro ou assistir a um filme.<\/li>\n<li><strong>Cozinhe pratos quentes:<\/strong> \u00c9 uma \u00f3tima oportunidade para preparar sopas ou guisados.<\/li>\n<\/ul>\n<h2>Impacto das Chuvas na Cidade<\/h2>\n<p>As chuvas t\u00eam um papel importante em manter a biodiversidade da regi\u00e3o, al\u00e9m de auxiliar na agricultura local, reabastecendo os len\u00e7\u00f3is fre\u00e1ticos. Contudo, \u00e9 importante estar ciente dos riscos de enchentes em \u00e9pocas de chuvas intensas. A infraestrutura da cidade deve ser monitorada para evitar problemas.<\/p>\n<h2>Sugest\u00f5es de Atividades em Dias Chuvosos<\/h2>\n<p>Se voc\u00ea se v\u00ea em Marab\u00e1 durante um dia chuvoso, aqui est\u00e3o algumas sugest\u00f5es que podem tornar seu dia mais divertido:<\/p>\n<ul>\n<li><strong>Visitar museus ou centros culturais:<\/strong> Descubra mais sobre a hist\u00f3ria da regi\u00e3o.<\/li>\n<li><strong>Caf\u00e9s e restaurantes:<\/strong> Experimente a culin\u00e1ria local e desfrute de um bom caf\u00e9.<\/li>\n<li><strong>Artesanato:<\/strong> Aprenda uma nova habilidade em workshops locais.<\/li>\n<\/ul>\n<h2>Como se Preparar para o Tempo<\/h2>\n<p>A prepara\u00e7\u00e3o para um dia com chuvas pode facilitar muito a sua rotina. Aqui est\u00e3o algumas dicas:<\/p>\n<ul>\n<li><strong>Verifique a previs\u00e3o:<\/strong> Mantenha-se atualizado sobre as condi\u00e7\u00f5es clim\u00e1ticas di\u00e1rias.<\/li>\n<li><strong>Tenha guarda-chuvas \u00e0 m\u00e3o:<\/strong> Isso evita que voc\u00ea se molhe quando sair.<\/li>\n<li><strong>Cal\u00e7ados adequados:<\/strong> Use sapatos que resistam \u00e0 umidade e sejam confort\u00e1veis para caminhadas.<\/li>\n<\/ul>\n","protected":false},"excerpt":{"rendered":"<p>Marab\u00e1 ter\u00e1 um s\u00e1bado com chuva e temperaturas entre 23\u00b0C e 30\u00b0C.<\/p>\n","protected":false},"author":1,"featured_media":5376,"comment_status":"open","ping_status":"","sticky":false,"template":"","format":"standard","meta":{"footnotes":""},"categories":[5],"tags":[],"class_list":["post-5377","post","type-post","status-publish","format-standard","has-post-thumbnail","hentry","category-noticias","has_thumb"],"yoast_head":"<!-- This site is optimized with the Yoast SEO plugin v27.2 - https:\/\/yoast.com\/product\/yoast-seo-wordpress\/ -->\n<title>Marab\u00e1 deve ter um dia com chuva em \u00e1reas espec\u00edficas neste s\u00e1bado (02) | Guia Comercial de Marab\u00e1 PA<\/title>\n<meta name=\"robots\" content=\"index, follow, max-snippet:-1, max-image-preview:large, max-video-preview:-1\" \/>\n<link rel=\"canonical\" href=\"https:\/\/www.encontrapara.com.br\/maraba\/maraba-deve-ter-um-dia-com-chuva-em-areas-especificas-neste-sabado-02\/\" \/>\n<meta property=\"og:locale\" content=\"pt_BR\" \/>\n<meta property=\"og:type\" content=\"article\" \/>\n<meta property=\"og:title\" content=\"Marab\u00e1 deve ter um dia com chuva em \u00e1reas espec\u00edficas neste s\u00e1bado (02) | Guia Comercial de Marab\u00e1 PA\" \/>\n<meta property=\"og:description\" content=\"Marab\u00e1 ter\u00e1 um s\u00e1bado com chuva e temperaturas entre 23\u00b0C e 30\u00b0C.\" \/>\n<meta property=\"og:url\" content=\"https:\/\/www.encontrapara.com.br\/maraba\/maraba-deve-ter-um-dia-com-chuva-em-areas-especificas-neste-sabado-02\/\" \/>\n<meta property=\"og:site_name\" content=\"Guia Comercial de Marab\u00e1 PA\" \/>\n<meta property=\"article:published_time\" content=\"2026-05-02T10:44:16+00:00\" \/>\n<meta property=\"og:image\" content=\"https:\/\/www.encontrapara.com.br\/maraba\/wp-content\/uploads\/2026\/05\/maraba-deve-ter-um-dia-com-chuva-em-areas-especificas-neste-sabado-02.webp\" \/>\n<meta name=\"author\" content=\"Encontra Marab\u00e1\" \/>\n<meta name=\"twitter:card\" content=\"summary_large_image\" \/>\n<meta name=\"twitter:label1\" content=\"Escrito por\" \/>\n\t<meta name=\"twitter:data1\" content=\"Encontra Marab\u00e1\" \/>\n\t<meta name=\"twitter:label2\" content=\"Est. tempo de leitura\" \/>\n\t<meta name=\"twitter:data2\" content=\"3 minutos\" \/>\n<script type=\"application\/ld+json\" class=\"yoast-schema-graph\">{\"@context\":\"https:\/\/schema.org\",\"@graph\":[{\"@type\":\"Article\",\"@id\":\"https:\/\/www.encontrapara.com.br\/maraba\/maraba-deve-ter-um-dia-com-chuva-em-areas-especificas-neste-sabado-02\/#article\",\"isPartOf\":{\"@id\":\"https:\/\/www.encontrapara.com.br\/maraba\/maraba-deve-ter-um-dia-com-chuva-em-areas-especificas-neste-sabado-02\/\"},\"author\":{\"name\":\"Encontra Marab\u00e1\",\"@id\":\"https:\/\/www.encontrapara.com.br\/maraba\/#\/schema\/person\/489c98b1b22d4a1c687875e43fc8b929\"},\"headline\":\"Marab\u00e1 deve ter um dia com chuva em \u00e1reas espec\u00edficas neste s\u00e1bado (02)\",\"datePublished\":\"2026-05-02T10:44:16+00:00\",\"mainEntityOfPage\":{\"@id\":\"https:\/\/www.encontrapara.com.br\/maraba\/maraba-deve-ter-um-dia-com-chuva-em-areas-especificas-neste-sabado-02\/\"},\"wordCount\":675,\"commentCount\":0,\"image\":{\"@id\":\"https:\/\/www.encontrapara.com.br\/maraba\/maraba-deve-ter-um-dia-com-chuva-em-areas-especificas-neste-sabado-02\/#primaryimage\"},\"thumbnailUrl\":\"https:\/\/www.encontrapara.com.br\/maraba\/wp-content\/uploads\/2026\/05\/maraba-deve-ter-um-dia-com-chuva-em-areas-especificas-neste-sabado-02.webp\",\"articleSection\":[\"Not\u00edcias Marab\u00e1\"],\"inLanguage\":\"pt-BR\",\"potentialAction\":[{\"@type\":\"CommentAction\",\"name\":\"Comment\",\"target\":[\"https:\/\/www.encontrapara.com.br\/maraba\/maraba-deve-ter-um-dia-com-chuva-em-areas-especificas-neste-sabado-02\/#respond\"]}]},{\"@type\":\"WebPage\",\"@id\":\"https:\/\/www.encontrapara.com.br\/maraba\/maraba-deve-ter-um-dia-com-chuva-em-areas-especificas-neste-sabado-02\/\",\"url\":\"https:\/\/www.encontrapara.com.br\/maraba\/maraba-deve-ter-um-dia-com-chuva-em-areas-especificas-neste-sabado-02\/\",\"name\":\"Marab\u00e1 deve ter um dia com chuva em \u00e1reas espec\u00edficas neste s\u00e1bado (02) | Guia Comercial de Marab\u00e1 PA\",\"isPartOf\":{\"@id\":\"https:\/\/www.encontrapara.com.br\/maraba\/#website\"},\"primaryImageOfPage\":{\"@id\":\"https:\/\/www.encontrapara.com.br\/maraba\/maraba-deve-ter-um-dia-com-chuva-em-areas-especificas-neste-sabado-02\/#primaryimage\"},\"image\":{\"@id\":\"https:\/\/www.encontrapara.com.br\/maraba\/maraba-deve-ter-um-dia-com-chuva-em-areas-especificas-neste-sabado-02\/#primaryimage\"},\"thumbnailUrl\":\"https:\/\/www.encontrapara.com.br\/maraba\/wp-content\/uploads\/2026\/05\/maraba-deve-ter-um-dia-com-chuva-em-areas-especificas-neste-sabado-02.webp\",\"datePublished\":\"2026-05-02T10:44:16+00:00\",\"author\":{\"@id\":\"https:\/\/www.encontrapara.com.br\/maraba\/#\/schema\/person\/489c98b1b22d4a1c687875e43fc8b929\"},\"inLanguage\":\"pt-BR\",\"potentialAction\":[{\"@type\":\"ReadAction\",\"target\":[\"https:\/\/www.encontrapara.com.br\/maraba\/maraba-deve-ter-um-dia-com-chuva-em-areas-especificas-neste-sabado-02\/\"]}]},{\"@type\":\"ImageObject\",\"inLanguage\":\"pt-BR\",\"@id\":\"https:\/\/www.encontrapara.com.br\/maraba\/maraba-deve-ter-um-dia-com-chuva-em-areas-especificas-neste-sabado-02\/#primaryimage\",\"url\":\"https:\/\/www.encontrapara.com.br\/maraba\/wp-content\/uploads\/2026\/05\/maraba-deve-ter-um-dia-com-chuva-em-areas-especificas-neste-sabado-02.webp\",\"contentUrl\":\"https:\/\/www.encontrapara.com.br\/maraba\/wp-content\/uploads\/2026\/05\/maraba-deve-ter-um-dia-com-chuva-em-areas-especificas-neste-sabado-02.webp\",\"width\":280,\"height\":280,\"caption\":\"Marab\u00e1 dia com chuva\"},{\"@type\":\"WebSite\",\"@id\":\"https:\/\/www.encontrapara.com.br\/maraba\/#website\",\"url\":\"https:\/\/www.encontrapara.com.br\/maraba\/\",\"name\":\"Guia Comercial de Marab\u00e1 PA\",\"description\":\"\",\"potentialAction\":[{\"@type\":\"SearchAction\",\"target\":{\"@type\":\"EntryPoint\",\"urlTemplate\":\"https:\/\/www.encontrapara.com.br\/maraba\/?s={search_term_string}\"},\"query-input\":{\"@type\":\"PropertyValueSpecification\",\"valueRequired\":true,\"valueName\":\"search_term_string\"}}],\"inLanguage\":\"pt-BR\"},{\"@type\":\"Person\",\"@id\":\"https:\/\/www.encontrapara.com.br\/maraba\/#\/schema\/person\/489c98b1b22d4a1c687875e43fc8b929\",\"name\":\"Encontra Marab\u00e1\",\"image\":{\"@type\":\"ImageObject\",\"inLanguage\":\"pt-BR\",\"@id\":\"https:\/\/secure.gravatar.com\/avatar\/c50c17820bcf322f0a8fd6b110b8c0918141409dc69076470f6fca5fee70a5d4?s=96&d=mm&r=g\",\"url\":\"https:\/\/secure.gravatar.com\/avatar\/c50c17820bcf322f0a8fd6b110b8c0918141409dc69076470f6fca5fee70a5d4?s=96&d=mm&r=g\",\"contentUrl\":\"https:\/\/secure.gravatar.com\/avatar\/c50c17820bcf322f0a8fd6b110b8c0918141409dc69076470f6fca5fee70a5d4?s=96&d=mm&r=g\",\"caption\":\"Encontra Marab\u00e1\"},\"url\":\"https:\/\/www.encontrapara.com.br\/maraba\/author\/encontramaraba\/\"}]}<\/script>\n<!-- \/ Yoast SEO plugin. -->","yoast_head_json":{"title":"Marab\u00e1 deve ter um dia com chuva em \u00e1reas espec\u00edficas neste s\u00e1bado (02) | Guia Comercial de Marab\u00e1 PA","robots":{"index":"index","follow":"follow","max-snippet":"max-snippet:-1","max-image-preview":"max-image-preview:large","max-video-preview":"max-video-preview:-1"},"canonical":"https:\/\/www.encontrapara.com.br\/maraba\/maraba-deve-ter-um-dia-com-chuva-em-areas-especificas-neste-sabado-02\/","og_locale":"pt_BR","og_type":"article","og_title":"Marab\u00e1 deve ter um dia com chuva em \u00e1reas espec\u00edficas neste s\u00e1bado (02) | Guia Comercial de Marab\u00e1 PA","og_description":"Marab\u00e1 ter\u00e1 um s\u00e1bado com chuva e temperaturas entre 23\u00b0C e 30\u00b0C.","og_url":"https:\/\/www.encontrapara.com.br\/maraba\/maraba-deve-ter-um-dia-com-chuva-em-areas-especificas-neste-sabado-02\/","og_site_name":"Guia Comercial de Marab\u00e1 PA","article_published_time":"2026-05-02T10:44:16+00:00","og_image":[{"url":"https:\/\/www.encontrapara.com.br\/maraba\/wp-content\/uploads\/2026\/05\/maraba-deve-ter-um-dia-com-chuva-em-areas-especificas-neste-sabado-02.webp","type":"","width":"","height":""}],"author":"Encontra Marab\u00e1","twitter_card":"summary_large_image","twitter_misc":{"Escrito por":"Encontra Marab\u00e1","Est. tempo de leitura":"3 minutos"},"schema":{"@context":"https:\/\/schema.org","@graph":[{"@type":"Article","@id":"https:\/\/www.encontrapara.com.br\/maraba\/maraba-deve-ter-um-dia-com-chuva-em-areas-especificas-neste-sabado-02\/#article","isPartOf":{"@id":"https:\/\/www.encontrapara.com.br\/maraba\/maraba-deve-ter-um-dia-com-chuva-em-areas-especificas-neste-sabado-02\/"},"author":{"name":"Encontra Marab\u00e1","@id":"https:\/\/www.encontrapara.com.br\/maraba\/#\/schema\/person\/489c98b1b22d4a1c687875e43fc8b929"},"headline":"Marab\u00e1 deve ter um dia com chuva em \u00e1reas espec\u00edficas neste s\u00e1bado (02)","datePublished":"2026-05-02T10:44:16+00:00","mainEntityOfPage":{"@id":"https:\/\/www.encontrapara.com.br\/maraba\/maraba-deve-ter-um-dia-com-chuva-em-areas-especificas-neste-sabado-02\/"},"wordCount":675,"commentCount":0,"image":{"@id":"https:\/\/www.encontrapara.com.br\/maraba\/maraba-deve-ter-um-dia-com-chuva-em-areas-especificas-neste-sabado-02\/#primaryimage"},"thumbnailUrl":"https:\/\/www.encontrapara.com.br\/maraba\/wp-content\/uploads\/2026\/05\/maraba-deve-ter-um-dia-com-chuva-em-areas-especificas-neste-sabado-02.webp","articleSection":["Not\u00edcias Marab\u00e1"],"inLanguage":"pt-BR","potentialAction":[{"@type":"CommentAction","name":"Comment","target":["https:\/\/www.encontrapara.com.br\/maraba\/maraba-deve-ter-um-dia-com-chuva-em-areas-especificas-neste-sabado-02\/#respond"]}]},{"@type":"WebPage","@id":"https:\/\/www.encontrapara.com.br\/maraba\/maraba-deve-ter-um-dia-com-chuva-em-areas-especificas-neste-sabado-02\/","url":"https:\/\/www.encontrapara.com.br\/maraba\/maraba-deve-ter-um-dia-com-chuva-em-areas-especificas-neste-sabado-02\/","name":"Marab\u00e1 deve ter um dia com chuva em \u00e1reas espec\u00edficas neste s\u00e1bado (02) | Guia Comercial de Marab\u00e1 PA","isPartOf":{"@id":"https:\/\/www.encontrapara.com.br\/maraba\/#website"},"primaryImageOfPage":{"@id":"https:\/\/www.encontrapara.com.br\/maraba\/maraba-deve-ter-um-dia-com-chuva-em-areas-especificas-neste-sabado-02\/#primaryimage"},"image":{"@id":"https:\/\/www.encontrapara.com.br\/maraba\/maraba-deve-ter-um-dia-com-chuva-em-areas-especificas-neste-sabado-02\/#primaryimage"},"thumbnailUrl":"https:\/\/www.encontrapara.com.br\/maraba\/wp-content\/uploads\/2026\/05\/maraba-deve-ter-um-dia-com-chuva-em-areas-especificas-neste-sabado-02.webp","datePublished":"2026-05-02T10:44:16+00:00","author":{"@id":"https:\/\/www.encontrapara.com.br\/maraba\/#\/schema\/person\/489c98b1b22d4a1c687875e43fc8b929"},"inLanguage":"pt-BR","potentialAction":[{"@type":"ReadAction","target":["https:\/\/www.encontrapara.com.br\/maraba\/maraba-deve-ter-um-dia-com-chuva-em-areas-especificas-neste-sabado-02\/"]}]},{"@type":"ImageObject","inLanguage":"pt-BR","@id":"https:\/\/www.encontrapara.com.br\/maraba\/maraba-deve-ter-um-dia-com-chuva-em-areas-especificas-neste-sabado-02\/#primaryimage","url":"https:\/\/www.encontrapara.com.br\/maraba\/wp-content\/uploads\/2026\/05\/maraba-deve-ter-um-dia-com-chuva-em-areas-especificas-neste-sabado-02.webp","contentUrl":"https:\/\/www.encontrapara.com.br\/maraba\/wp-content\/uploads\/2026\/05\/maraba-deve-ter-um-dia-com-chuva-em-areas-especificas-neste-sabado-02.webp","width":280,"height":280,"caption":"Marab\u00e1 dia com chuva"},{"@type":"WebSite","@id":"https:\/\/www.encontrapara.com.br\/maraba\/#website","url":"https:\/\/www.encontrapara.com.br\/maraba\/","name":"Guia Comercial de Marab\u00e1 PA","description":"","potentialAction":[{"@type":"SearchAction","target":{"@type":"EntryPoint","urlTemplate":"https:\/\/www.encontrapara.com.br\/maraba\/?s={search_term_string}"},"query-input":{"@type":"PropertyValueSpecification","valueRequired":true,"valueName":"search_term_string"}}],"inLanguage":"pt-BR"},{"@type":"Person","@id":"https:\/\/www.encontrapara.com.br\/maraba\/#\/schema\/person\/489c98b1b22d4a1c687875e43fc8b929","name":"Encontra Marab\u00e1","image":{"@type":"ImageObject","inLanguage":"pt-BR","@id":"https:\/\/secure.gravatar.com\/avatar\/c50c17820bcf322f0a8fd6b110b8c0918141409dc69076470f6fca5fee70a5d4?s=96&d=mm&r=g","url":"https:\/\/secure.gravatar.com\/avatar\/c50c17820bcf322f0a8fd6b110b8c0918141409dc69076470f6fca5fee70a5d4?s=96&d=mm&r=g","contentUrl":"https:\/\/secure.gravatar.com\/avatar\/c50c17820bcf322f0a8fd6b110b8c0918141409dc69076470f6fca5fee70a5d4?s=96&d=mm&r=g","caption":"Encontra Marab\u00e1"},"url":"https:\/\/www.encontrapara.com.br\/maraba\/author\/encontramaraba\/"}]}},"_links":{"self":[{"href":"https:\/\/www.encontrapara.com.br\/maraba\/wp-json\/wp\/v2\/posts\/5377","targetHints":{"allow":["GET"]}}],"collection":[{"href":"https:\/\/www.encontrapara.com.br\/maraba\/wp-json\/wp\/v2\/posts"}],"about":[{"href":"https:\/\/www.encontrapara.com.br\/maraba\/wp-json\/wp\/v2\/types\/post"}],"author":[{"embeddable":true,"href":"https:\/\/www.encontrapara.com.br\/maraba\/wp-json\/wp\/v2\/users\/1"}],"replies":[{"embeddable":true,"href":"https:\/\/www.encontrapara.com.br\/maraba\/wp-json\/wp\/v2\/comments?post=5377"}],"version-history":[{"count":0,"href":"https:\/\/www.encontrapara.com.br\/maraba\/wp-json\/wp\/v2\/posts\/5377\/revisions"}],"wp:featuredmedia":[{"embeddable":true,"href":"https:\/\/www.encontrapara.com.br\/maraba\/wp-json\/wp\/v2\/media\/5376"}],"wp:attachment":[{"href":"https:\/\/www.encontrapara.com.br\/maraba\/wp-json\/wp\/v2\/media?parent=5377"}],"wp:term":[{"taxonomy":"category","embeddable":true,"href":"https:\/\/www.encontrapara.com.br\/maraba\/wp-json\/wp\/v2\/categories?post=5377"},{"taxonomy":"post_tag","embeddable":true,"href":"https:\/\/www.encontrapara.com.br\/maraba\/wp-json\/wp\/v2\/tags?post=5377"}],"curies":[{"name":"wp","href":"https:\/\/api.w.org\/{rel}","templated":true}]}}