{"id":5351,"date":"2026-04-26T07:51:09","date_gmt":"2026-04-26T10:51:09","guid":{"rendered":"https:\/\/www.encontrapara.com.br\/maraba\/reuniao-em-maraba-abre-espaco-para-consumidores-debaterem-servico-de-energia-economia-o-liberal\/"},"modified":"2026-04-26T07:51:09","modified_gmt":"2026-04-26T10:51:09","slug":"reuniao-em-maraba-abre-espaco-para-consumidores-debaterem-servico-de-energia-economia-o-liberal","status":"publish","type":"post","link":"https:\/\/www.encontrapara.com.br\/maraba\/reuniao-em-maraba-abre-espaco-para-consumidores-debaterem-servico-de-energia-economia-o-liberal\/","title":{"rendered":"Reuni\u00e3o em Marab\u00e1 abre espa\u00e7o para consumidores debaterem servi\u00e7o de energia | Economia | O Liberal"},"content":{"rendered":"<h2>O Papel do Concepa na Defesa dos Direitos dos Consumidores<\/h2>\n<p>O Conselho de Consumidores de Energia El\u00e9trica do Par\u00e1, conhecido como <strong>Concepa<\/strong>, desempenha uma fun\u00e7\u00e3o crucial na representa\u00e7\u00e3o e defesa dos direitos dos consumidores no setor el\u00e9trico. Sendo um \u00f3rg\u00e3o que visa a promo\u00e7\u00e3o e prote\u00e7\u00e3o dos direitos dos consumidores, o Concepa atua buscando sempre a melhoria da qualidade do servi\u00e7o de fornecimento de energia, escutando as demandas da popula\u00e7\u00e3o e propondo solu\u00e7\u00f5es que atendam \u00e0s necessidades locais.<\/p>\n<h2>Import\u00e2ncia do Di\u00e1logo Sobre Energia El\u00e9trica<\/h2>\n<p>O debate aberto sobre quest\u00f5es relativas ao fornecimento de <strong>energia el\u00e9trica<\/strong> \u00e9 essencial para que se possa compreender melhor as necessidades e os desafios enfrentados pelos consumidores. Atrav\u00e9s de reuni\u00f5es p\u00fablicas, como a que ocorrer\u00e1 em Marab\u00e1, o Concepa permite que cidad\u00e3os expressem suas preocupa\u00e7\u00f5es e sugest\u00f5es, promovendo um espa\u00e7o de di\u00e1logo produtivo entre fornecedoras de energia e a popula\u00e7\u00e3o.<\/p>\n<h2>Como Participar da Reuni\u00e3o P\u00fablica em Marab\u00e1<\/h2>\n<p>Os habitantes de Marab\u00e1 e regi\u00f5es vizinhas s\u00e3o convidados a participar da reuni\u00e3o p\u00fablica marcada para o dia 9. A participa\u00e7\u00e3o \u00e9 simples, podendo os interessados comparecer \u00e0 C\u00e2mara Municipal entre 15h e 18h. \u00c9 uma oportunidade valiosa para que cada cidad\u00e3o possa fazer valer sua voz, apresentando reclama\u00e7\u00f5es e sugerindo melhorias para o servi\u00e7o de energia da regi\u00e3o.<\/p>\n<p><img decoding=\"async\" src=\"https:\/\/www.encontrapara.com.br\/maraba\/wp-content\/uploads\/2026\/04\/reuniao-em-maraba-abre-espaco-para-consumidores-debaterem-servico-de-energia-economia-o-liberal.webp\" alt=\"energia el\u00e9trica\" loading=\"lazy\" \/><\/p>\n<h2>Expectativas para as Contribui\u00e7\u00f5es dos Consumidores<\/h2>\n<p>A expectativa do Concepa \u00e9 que, durante a reuni\u00e3o, sejam levantadas quest\u00f5es que ajudem a tra\u00e7ar um panorama mais claro sobre os problemas enfrentados no fornecimento de energia el\u00e9trica na regi\u00e3o. As sugest\u00f5es e preocupa\u00e7\u00f5es apresentadas pelos consumidores servir\u00e3o de base para a formula\u00e7\u00e3o de estrat\u00e9gias que visem aumentar a efici\u00eancia do servi\u00e7o prestado.<\/p>\n<h2>A Distribui\u00e7\u00e3o de Energia e os Desafios Regionais<\/h2>\n<p>A distribui\u00e7\u00e3o de energia el\u00e9trica no Par\u00e1 enfrenta desafios \u00fanicos, em fun\u00e7\u00e3o das variadas realidades locais. O especialista em direito da energia, Raphael Sampaio Vale, destaca que \u00e9 fundamental ouvir as demandas espec\u00edficas de cada \u00e1rea, considerando que o estado \u00e9 composto por regi\u00f5es muito distintas, como a metropolitana, o Maraj\u00f3 e o oeste. Cada uma dessas localidades tem suas particularidades que precisam ser levadas em conta no planejamento e na execu\u00e7\u00e3o de servi\u00e7os.<\/p>\n<h2>Marab\u00e1: Um Centro Industrial em Crescimento<\/h2>\n<p>Marab\u00e1 se destaca no cen\u00e1rio do estado do Par\u00e1 por sua for\u00e7a nos setores industrial e log\u00edstico, o que torna a discuss\u00e3o sobre a energia el\u00e9trica ainda mais relevante. A presen\u00e7a de diversas ind\u00fastrias e uma popula\u00e7\u00e3o heterog\u00eanea em termos de consumidores ressaltam a import\u00e2ncia de se discutir melhorias no fornecimento e na qualidade da energia, que s\u00e3o essenciais para o desenvolvimento econ\u00f4mico local.<\/p>\n<h2>Vantagens da Descentraliza\u00e7\u00e3o das Reuni\u00f5es<\/h2>\n<p>A descentraliza\u00e7\u00e3o das reuni\u00f5es do Concepa \u00e9 um dos pilares de sua estrat\u00e9gia de aproxima\u00e7\u00e3o com a popula\u00e7\u00e3o. Ao levar os debates aos munic\u00edpios, o Conselho amplia a participa\u00e7\u00e3o social, permitindo que mais vozes sejam ouvidas e que as demandas locais sejam efetivamente consideradas nas pol\u00edticas p\u00fablicas relacionadas \u00e0 energia.<\/p>\n<h2>Feedback dos Cidad\u00e3os: Uma Necessidade para Melhorias<\/h2>\n<p>O feedback direto dos cidad\u00e3os \u00e9 valioso n\u00e3o apenas para a identifica\u00e7\u00e3o de problemas, mas tamb\u00e9m para a constru\u00e7\u00e3o de solu\u00e7\u00f5es vi\u00e1veis e adaptadas \u00e0s realidades espec\u00edficas de cada regi\u00e3o. A participa\u00e7\u00e3o ativa da comunidade em reuni\u00f5es como a de Marab\u00e1 \u00e9 fundamental para que o Concepa possa agir de forma eficiente e responder adequadamente aos desafios do setor el\u00e9trico.<\/p>\n<h2>A Influ\u00eancia das Demandas Locais nas Decis\u00f5es de Energia<\/h2>\n<p>As demandas locais t\u00eam um papel preponderante nas decis\u00f5es que afetam o fornecimento de energia el\u00e9trica, e o Concepa busca integrar essas demandas no seu processo decis\u00f3rio. O reconhecimento das particularidades regionais \u00e9 essencial para a efetividade de qualquer pol\u00edtica de energia el\u00e9trica, garantindo que todas as \u00e1reas do estado sejam atendidas de maneira justa e equitativa.<\/p>\n<h2>Transpar\u00eancia e Participa\u00e7\u00e3o Social no Setor El\u00e9trico<\/h2>\n<p>A promo\u00e7\u00e3o da transpar\u00eancia nas discuss\u00f5es e na gest\u00e3o das quest\u00f5es relacionadas ao setor el\u00e9trico \u00e9 um compromisso do Concepa. Ao envolver a popula\u00e7\u00e3o nas delibera\u00e7\u00f5es e ao disponibilizar informa\u00e7\u00f5es claras e acess\u00edveis, o Conselho fomenta uma cultura de participa\u00e7\u00e3o e responsabilidade social que beneficia tanto os consumidores quanto os prestadores de servi\u00e7o.<\/p>\n<p>A realiza\u00e7\u00e3o de reuni\u00f5es descentralizadas, como a de Marab\u00e1, representa um avan\u00e7o na busca por um modelo de gest\u00e3o mais inclusivo e eficaz. A expectativa \u00e9 que, com a participa\u00e7\u00e3o ativa dos consumidores, seja poss\u00edvel estabelecer um servi\u00e7o de <strong>energia el\u00e9trica<\/strong> mais eficiente e adequado \u00e0s necessidades de todos os paraenses.<\/p>\n","protected":false},"excerpt":{"rendered":"<p>Reuni\u00e3o em Marab\u00e1 re\u00fane consumidores para discutir o servi\u00e7o de energia el\u00e9trica.<\/p>\n","protected":false},"author":1,"featured_media":5350,"comment_status":"open","ping_status":"","sticky":false,"template":"","format":"standard","meta":{"footnotes":""},"categories":[5],"tags":[],"class_list":["post-5351","post","type-post","status-publish","format-standard","has-post-thumbnail","hentry","category-noticias","has_thumb"],"yoast_head":"<!-- This site is optimized with the Yoast SEO plugin v27.2 - https:\/\/yoast.com\/product\/yoast-seo-wordpress\/ -->\n<title>Reuni\u00e3o em Marab\u00e1 abre espa\u00e7o para consumidores debaterem servi\u00e7o de energia | Economia | O Liberal | Guia Comercial de Marab\u00e1 PA<\/title>\n<meta name=\"robots\" content=\"index, follow, max-snippet:-1, max-image-preview:large, max-video-preview:-1\" \/>\n<link rel=\"canonical\" href=\"https:\/\/www.encontrapara.com.br\/maraba\/reuniao-em-maraba-abre-espaco-para-consumidores-debaterem-servico-de-energia-economia-o-liberal\/\" \/>\n<meta property=\"og:locale\" content=\"pt_BR\" \/>\n<meta property=\"og:type\" content=\"article\" \/>\n<meta property=\"og:title\" content=\"Reuni\u00e3o em Marab\u00e1 abre espa\u00e7o para consumidores debaterem servi\u00e7o de energia | Economia | O Liberal | Guia Comercial de Marab\u00e1 PA\" \/>\n<meta property=\"og:description\" content=\"Reuni\u00e3o em Marab\u00e1 re\u00fane consumidores para discutir o servi\u00e7o de energia el\u00e9trica.\" \/>\n<meta property=\"og:url\" content=\"https:\/\/www.encontrapara.com.br\/maraba\/reuniao-em-maraba-abre-espaco-para-consumidores-debaterem-servico-de-energia-economia-o-liberal\/\" \/>\n<meta property=\"og:site_name\" content=\"Guia Comercial de Marab\u00e1 PA\" \/>\n<meta property=\"article:published_time\" content=\"2026-04-26T10:51:09+00:00\" \/>\n<meta property=\"og:image\" content=\"https:\/\/www.encontrapara.com.br\/maraba\/wp-content\/uploads\/2026\/04\/reuniao-em-maraba-abre-espaco-para-consumidores-debaterem-servico-de-energia-economia-o-liberal.webp\" \/>\n<meta name=\"author\" content=\"Encontra Marab\u00e1\" \/>\n<meta name=\"twitter:card\" content=\"summary_large_image\" \/>\n<meta name=\"twitter:label1\" content=\"Escrito por\" \/>\n\t<meta name=\"twitter:data1\" content=\"Encontra Marab\u00e1\" \/>\n\t<meta name=\"twitter:label2\" content=\"Est. tempo de leitura\" \/>\n\t<meta name=\"twitter:data2\" content=\"4 minutos\" \/>\n<script type=\"application\/ld+json\" class=\"yoast-schema-graph\">{\"@context\":\"https:\/\/schema.org\",\"@graph\":[{\"@type\":\"Article\",\"@id\":\"https:\/\/www.encontrapara.com.br\/maraba\/reuniao-em-maraba-abre-espaco-para-consumidores-debaterem-servico-de-energia-economia-o-liberal\/#article\",\"isPartOf\":{\"@id\":\"https:\/\/www.encontrapara.com.br\/maraba\/reuniao-em-maraba-abre-espaco-para-consumidores-debaterem-servico-de-energia-economia-o-liberal\/\"},\"author\":{\"name\":\"Encontra Marab\u00e1\",\"@id\":\"https:\/\/www.encontrapara.com.br\/maraba\/#\/schema\/person\/489c98b1b22d4a1c687875e43fc8b929\"},\"headline\":\"Reuni\u00e3o em Marab\u00e1 abre espa\u00e7o para consumidores debaterem servi\u00e7o de energia | Economia | O Liberal\",\"datePublished\":\"2026-04-26T10:51:09+00:00\",\"mainEntityOfPage\":{\"@id\":\"https:\/\/www.encontrapara.com.br\/maraba\/reuniao-em-maraba-abre-espaco-para-consumidores-debaterem-servico-de-energia-economia-o-liberal\/\"},\"wordCount\":847,\"commentCount\":0,\"image\":{\"@id\":\"https:\/\/www.encontrapara.com.br\/maraba\/reuniao-em-maraba-abre-espaco-para-consumidores-debaterem-servico-de-energia-economia-o-liberal\/#primaryimage\"},\"thumbnailUrl\":\"https:\/\/www.encontrapara.com.br\/maraba\/wp-content\/uploads\/2026\/04\/reuniao-em-maraba-abre-espaco-para-consumidores-debaterem-servico-de-energia-economia-o-liberal.webp\",\"articleSection\":[\"Not\u00edcias Marab\u00e1\"],\"inLanguage\":\"pt-BR\",\"potentialAction\":[{\"@type\":\"CommentAction\",\"name\":\"Comment\",\"target\":[\"https:\/\/www.encontrapara.com.br\/maraba\/reuniao-em-maraba-abre-espaco-para-consumidores-debaterem-servico-de-energia-economia-o-liberal\/#respond\"]}]},{\"@type\":\"WebPage\",\"@id\":\"https:\/\/www.encontrapara.com.br\/maraba\/reuniao-em-maraba-abre-espaco-para-consumidores-debaterem-servico-de-energia-economia-o-liberal\/\",\"url\":\"https:\/\/www.encontrapara.com.br\/maraba\/reuniao-em-maraba-abre-espaco-para-consumidores-debaterem-servico-de-energia-economia-o-liberal\/\",\"name\":\"Reuni\u00e3o em Marab\u00e1 abre espa\u00e7o para consumidores debaterem servi\u00e7o de energia | Economia | O Liberal | Guia Comercial de Marab\u00e1 PA\",\"isPartOf\":{\"@id\":\"https:\/\/www.encontrapara.com.br\/maraba\/#website\"},\"primaryImageOfPage\":{\"@id\":\"https:\/\/www.encontrapara.com.br\/maraba\/reuniao-em-maraba-abre-espaco-para-consumidores-debaterem-servico-de-energia-economia-o-liberal\/#primaryimage\"},\"image\":{\"@id\":\"https:\/\/www.encontrapara.com.br\/maraba\/reuniao-em-maraba-abre-espaco-para-consumidores-debaterem-servico-de-energia-economia-o-liberal\/#primaryimage\"},\"thumbnailUrl\":\"https:\/\/www.encontrapara.com.br\/maraba\/wp-content\/uploads\/2026\/04\/reuniao-em-maraba-abre-espaco-para-consumidores-debaterem-servico-de-energia-economia-o-liberal.webp\",\"datePublished\":\"2026-04-26T10:51:09+00:00\",\"author\":{\"@id\":\"https:\/\/www.encontrapara.com.br\/maraba\/#\/schema\/person\/489c98b1b22d4a1c687875e43fc8b929\"},\"inLanguage\":\"pt-BR\",\"potentialAction\":[{\"@type\":\"ReadAction\",\"target\":[\"https:\/\/www.encontrapara.com.br\/maraba\/reuniao-em-maraba-abre-espaco-para-consumidores-debaterem-servico-de-energia-economia-o-liberal\/\"]}]},{\"@type\":\"ImageObject\",\"inLanguage\":\"pt-BR\",\"@id\":\"https:\/\/www.encontrapara.com.br\/maraba\/reuniao-em-maraba-abre-espaco-para-consumidores-debaterem-servico-de-energia-economia-o-liberal\/#primaryimage\",\"url\":\"https:\/\/www.encontrapara.com.br\/maraba\/wp-content\/uploads\/2026\/04\/reuniao-em-maraba-abre-espaco-para-consumidores-debaterem-servico-de-energia-economia-o-liberal.webp\",\"contentUrl\":\"https:\/\/www.encontrapara.com.br\/maraba\/wp-content\/uploads\/2026\/04\/reuniao-em-maraba-abre-espaco-para-consumidores-debaterem-servico-de-energia-economia-o-liberal.webp\",\"width\":280,\"height\":280,\"caption\":\"energia el\u00e9trica\"},{\"@type\":\"WebSite\",\"@id\":\"https:\/\/www.encontrapara.com.br\/maraba\/#website\",\"url\":\"https:\/\/www.encontrapara.com.br\/maraba\/\",\"name\":\"Guia Comercial de Marab\u00e1 PA\",\"description\":\"\",\"potentialAction\":[{\"@type\":\"SearchAction\",\"target\":{\"@type\":\"EntryPoint\",\"urlTemplate\":\"https:\/\/www.encontrapara.com.br\/maraba\/?s={search_term_string}\"},\"query-input\":{\"@type\":\"PropertyValueSpecification\",\"valueRequired\":true,\"valueName\":\"search_term_string\"}}],\"inLanguage\":\"pt-BR\"},{\"@type\":\"Person\",\"@id\":\"https:\/\/www.encontrapara.com.br\/maraba\/#\/schema\/person\/489c98b1b22d4a1c687875e43fc8b929\",\"name\":\"Encontra Marab\u00e1\",\"image\":{\"@type\":\"ImageObject\",\"inLanguage\":\"pt-BR\",\"@id\":\"https:\/\/secure.gravatar.com\/avatar\/c50c17820bcf322f0a8fd6b110b8c0918141409dc69076470f6fca5fee70a5d4?s=96&d=mm&r=g\",\"url\":\"https:\/\/secure.gravatar.com\/avatar\/c50c17820bcf322f0a8fd6b110b8c0918141409dc69076470f6fca5fee70a5d4?s=96&d=mm&r=g\",\"contentUrl\":\"https:\/\/secure.gravatar.com\/avatar\/c50c17820bcf322f0a8fd6b110b8c0918141409dc69076470f6fca5fee70a5d4?s=96&d=mm&r=g\",\"caption\":\"Encontra Marab\u00e1\"},\"url\":\"https:\/\/www.encontrapara.com.br\/maraba\/author\/encontramaraba\/\"}]}<\/script>\n<!-- \/ Yoast SEO plugin. -->","yoast_head_json":{"title":"Reuni\u00e3o em Marab\u00e1 abre espa\u00e7o para consumidores debaterem servi\u00e7o de energia | Economia | O Liberal | Guia Comercial de Marab\u00e1 PA","robots":{"index":"index","follow":"follow","max-snippet":"max-snippet:-1","max-image-preview":"max-image-preview:large","max-video-preview":"max-video-preview:-1"},"canonical":"https:\/\/www.encontrapara.com.br\/maraba\/reuniao-em-maraba-abre-espaco-para-consumidores-debaterem-servico-de-energia-economia-o-liberal\/","og_locale":"pt_BR","og_type":"article","og_title":"Reuni\u00e3o em Marab\u00e1 abre espa\u00e7o para consumidores debaterem servi\u00e7o de energia | Economia | O Liberal | Guia Comercial de Marab\u00e1 PA","og_description":"Reuni\u00e3o em Marab\u00e1 re\u00fane consumidores para discutir o servi\u00e7o de energia el\u00e9trica.","og_url":"https:\/\/www.encontrapara.com.br\/maraba\/reuniao-em-maraba-abre-espaco-para-consumidores-debaterem-servico-de-energia-economia-o-liberal\/","og_site_name":"Guia Comercial de Marab\u00e1 PA","article_published_time":"2026-04-26T10:51:09+00:00","og_image":[{"url":"https:\/\/www.encontrapara.com.br\/maraba\/wp-content\/uploads\/2026\/04\/reuniao-em-maraba-abre-espaco-para-consumidores-debaterem-servico-de-energia-economia-o-liberal.webp","type":"","width":"","height":""}],"author":"Encontra Marab\u00e1","twitter_card":"summary_large_image","twitter_misc":{"Escrito por":"Encontra Marab\u00e1","Est. tempo de leitura":"4 minutos"},"schema":{"@context":"https:\/\/schema.org","@graph":[{"@type":"Article","@id":"https:\/\/www.encontrapara.com.br\/maraba\/reuniao-em-maraba-abre-espaco-para-consumidores-debaterem-servico-de-energia-economia-o-liberal\/#article","isPartOf":{"@id":"https:\/\/www.encontrapara.com.br\/maraba\/reuniao-em-maraba-abre-espaco-para-consumidores-debaterem-servico-de-energia-economia-o-liberal\/"},"author":{"name":"Encontra Marab\u00e1","@id":"https:\/\/www.encontrapara.com.br\/maraba\/#\/schema\/person\/489c98b1b22d4a1c687875e43fc8b929"},"headline":"Reuni\u00e3o em Marab\u00e1 abre espa\u00e7o para consumidores debaterem servi\u00e7o de energia | Economia | O Liberal","datePublished":"2026-04-26T10:51:09+00:00","mainEntityOfPage":{"@id":"https:\/\/www.encontrapara.com.br\/maraba\/reuniao-em-maraba-abre-espaco-para-consumidores-debaterem-servico-de-energia-economia-o-liberal\/"},"wordCount":847,"commentCount":0,"image":{"@id":"https:\/\/www.encontrapara.com.br\/maraba\/reuniao-em-maraba-abre-espaco-para-consumidores-debaterem-servico-de-energia-economia-o-liberal\/#primaryimage"},"thumbnailUrl":"https:\/\/www.encontrapara.com.br\/maraba\/wp-content\/uploads\/2026\/04\/reuniao-em-maraba-abre-espaco-para-consumidores-debaterem-servico-de-energia-economia-o-liberal.webp","articleSection":["Not\u00edcias Marab\u00e1"],"inLanguage":"pt-BR","potentialAction":[{"@type":"CommentAction","name":"Comment","target":["https:\/\/www.encontrapara.com.br\/maraba\/reuniao-em-maraba-abre-espaco-para-consumidores-debaterem-servico-de-energia-economia-o-liberal\/#respond"]}]},{"@type":"WebPage","@id":"https:\/\/www.encontrapara.com.br\/maraba\/reuniao-em-maraba-abre-espaco-para-consumidores-debaterem-servico-de-energia-economia-o-liberal\/","url":"https:\/\/www.encontrapara.com.br\/maraba\/reuniao-em-maraba-abre-espaco-para-consumidores-debaterem-servico-de-energia-economia-o-liberal\/","name":"Reuni\u00e3o em Marab\u00e1 abre espa\u00e7o para consumidores debaterem servi\u00e7o de energia | Economia | O Liberal | Guia Comercial de Marab\u00e1 PA","isPartOf":{"@id":"https:\/\/www.encontrapara.com.br\/maraba\/#website"},"primaryImageOfPage":{"@id":"https:\/\/www.encontrapara.com.br\/maraba\/reuniao-em-maraba-abre-espaco-para-consumidores-debaterem-servico-de-energia-economia-o-liberal\/#primaryimage"},"image":{"@id":"https:\/\/www.encontrapara.com.br\/maraba\/reuniao-em-maraba-abre-espaco-para-consumidores-debaterem-servico-de-energia-economia-o-liberal\/#primaryimage"},"thumbnailUrl":"https:\/\/www.encontrapara.com.br\/maraba\/wp-content\/uploads\/2026\/04\/reuniao-em-maraba-abre-espaco-para-consumidores-debaterem-servico-de-energia-economia-o-liberal.webp","datePublished":"2026-04-26T10:51:09+00:00","author":{"@id":"https:\/\/www.encontrapara.com.br\/maraba\/#\/schema\/person\/489c98b1b22d4a1c687875e43fc8b929"},"inLanguage":"pt-BR","potentialAction":[{"@type":"ReadAction","target":["https:\/\/www.encontrapara.com.br\/maraba\/reuniao-em-maraba-abre-espaco-para-consumidores-debaterem-servico-de-energia-economia-o-liberal\/"]}]},{"@type":"ImageObject","inLanguage":"pt-BR","@id":"https:\/\/www.encontrapara.com.br\/maraba\/reuniao-em-maraba-abre-espaco-para-consumidores-debaterem-servico-de-energia-economia-o-liberal\/#primaryimage","url":"https:\/\/www.encontrapara.com.br\/maraba\/wp-content\/uploads\/2026\/04\/reuniao-em-maraba-abre-espaco-para-consumidores-debaterem-servico-de-energia-economia-o-liberal.webp","contentUrl":"https:\/\/www.encontrapara.com.br\/maraba\/wp-content\/uploads\/2026\/04\/reuniao-em-maraba-abre-espaco-para-consumidores-debaterem-servico-de-energia-economia-o-liberal.webp","width":280,"height":280,"caption":"energia el\u00e9trica"},{"@type":"WebSite","@id":"https:\/\/www.encontrapara.com.br\/maraba\/#website","url":"https:\/\/www.encontrapara.com.br\/maraba\/","name":"Guia Comercial de Marab\u00e1 PA","description":"","potentialAction":[{"@type":"SearchAction","target":{"@type":"EntryPoint","urlTemplate":"https:\/\/www.encontrapara.com.br\/maraba\/?s={search_term_string}"},"query-input":{"@type":"PropertyValueSpecification","valueRequired":true,"valueName":"search_term_string"}}],"inLanguage":"pt-BR"},{"@type":"Person","@id":"https:\/\/www.encontrapara.com.br\/maraba\/#\/schema\/person\/489c98b1b22d4a1c687875e43fc8b929","name":"Encontra Marab\u00e1","image":{"@type":"ImageObject","inLanguage":"pt-BR","@id":"https:\/\/secure.gravatar.com\/avatar\/c50c17820bcf322f0a8fd6b110b8c0918141409dc69076470f6fca5fee70a5d4?s=96&d=mm&r=g","url":"https:\/\/secure.gravatar.com\/avatar\/c50c17820bcf322f0a8fd6b110b8c0918141409dc69076470f6fca5fee70a5d4?s=96&d=mm&r=g","contentUrl":"https:\/\/secure.gravatar.com\/avatar\/c50c17820bcf322f0a8fd6b110b8c0918141409dc69076470f6fca5fee70a5d4?s=96&d=mm&r=g","caption":"Encontra Marab\u00e1"},"url":"https:\/\/www.encontrapara.com.br\/maraba\/author\/encontramaraba\/"}]}},"_links":{"self":[{"href":"https:\/\/www.encontrapara.com.br\/maraba\/wp-json\/wp\/v2\/posts\/5351","targetHints":{"allow":["GET"]}}],"collection":[{"href":"https:\/\/www.encontrapara.com.br\/maraba\/wp-json\/wp\/v2\/posts"}],"about":[{"href":"https:\/\/www.encontrapara.com.br\/maraba\/wp-json\/wp\/v2\/types\/post"}],"author":[{"embeddable":true,"href":"https:\/\/www.encontrapara.com.br\/maraba\/wp-json\/wp\/v2\/users\/1"}],"replies":[{"embeddable":true,"href":"https:\/\/www.encontrapara.com.br\/maraba\/wp-json\/wp\/v2\/comments?post=5351"}],"version-history":[{"count":0,"href":"https:\/\/www.encontrapara.com.br\/maraba\/wp-json\/wp\/v2\/posts\/5351\/revisions"}],"wp:featuredmedia":[{"embeddable":true,"href":"https:\/\/www.encontrapara.com.br\/maraba\/wp-json\/wp\/v2\/media\/5350"}],"wp:attachment":[{"href":"https:\/\/www.encontrapara.com.br\/maraba\/wp-json\/wp\/v2\/media?parent=5351"}],"wp:term":[{"taxonomy":"category","embeddable":true,"href":"https:\/\/www.encontrapara.com.br\/maraba\/wp-json\/wp\/v2\/categories?post=5351"},{"taxonomy":"post_tag","embeddable":true,"href":"https:\/\/www.encontrapara.com.br\/maraba\/wp-json\/wp\/v2\/tags?post=5351"}],"curies":[{"name":"wp","href":"https:\/\/api.w.org\/{rel}","templated":true}]}}