{"id":5336,"date":"2026-04-23T07:44:26","date_gmt":"2026-04-23T10:44:26","guid":{"rendered":"https:\/\/www.encontrapara.com.br\/maraba\/nacional-acerta-emprestimo-de-gustavo-vintecinco-ex\/"},"modified":"2026-04-23T07:44:26","modified_gmt":"2026-04-23T10:44:26","slug":"nacional-acerta-emprestimo-de-gustavo-vintecinco-ex","status":"publish","type":"post","link":"https:\/\/www.encontrapara.com.br\/maraba\/nacional-acerta-emprestimo-de-gustavo-vintecinco-ex\/","title":{"rendered":"Nacional acerta empr\u00e9stimo de Gustavo Vintecinco, ex"},"content":{"rendered":"<h2>Gustavo Vintecinco: O Novo Refuerzo do Nacional<\/h2>\n<p>O Nacional anunciou, na quarta-feira (22), a contrata\u00e7\u00e3o de Gustavo Vintecinco, um atacante de 30 anos, que chega para refor\u00e7ar a equipe na temporada de 2026. O jogador foi emprestado pelo Centro Oeste-GO e j\u00e1 est\u00e1 regularizado para atuar, o que significa que pode fazer sua estreia no pr\u00f3ximo s\u00e1bado (25), durante a partida contra o Manauara, que ocorrer\u00e1 na 4\u00aa rodada da S\u00e9rie D do Campeonato Brasileiro.<\/p>\n<h2>Potencial do Ataque do Nacional Potencializado<\/h2>\n<p>Com a chegada de Gustavo, o t\u00e9cnico Thiago Gomes agora conta com uma nova alternativa para compor o ataque, que j\u00e1 inclui nomes como Giva e Max N\u00f3brega, ambos contratados recentemente. Essa adi\u00e7\u00e3o vem em um momento crucial, dado que a expectativa \u00e9 que Hernane, um jogador veterano, se aposentar\u00e1 ap\u00f3s o t\u00e9rmino do seu atual contrato, marcado para o dia 30.<\/p>\n<h2>Erick Var\u00e3o: Outra Adi\u00e7\u00e3o ao Elenco<\/h2>\n<p>Al\u00e9m de Gustavo Vintecinco, o Nacional tamb\u00e9m regularizou a contrata\u00e7\u00e3o do volante Erick Var\u00e3o, que tem um hist\u00f3rico recente com o Amazonas. A entrada de Var\u00e3o fortalece ainda mais a equipe, que est\u00e1 vivendo um bom momento no campeonato e se destaca tanto na Copa Norte quanto na S\u00e9rie D.<\/p>\n<p><img decoding=\"async\" src=\"https:\/\/www.encontrapara.com.br\/maraba\/wp-content\/uploads\/2026\/04\/nacional-acerta-emprestimo-de-gustavo-vintecinco-ex.webp\" alt=\"Nacional FC\" loading=\"lazy\" \/><\/p>\n<h2>Expectativas para a Estreia Contra o Manauara<\/h2>\n<p>O pr\u00f3ximo jogo do Nacional contra o Manauara promete ser interessante, j\u00e1 que a equipe busca manter a lideran\u00e7a que conquistou. Com Gustavo Vintecinco e Erick Var\u00e3o agora formalmente parte do elenco, as t\u00e1ticas do t\u00e9cnico Thiago Gomes podem ser diversificadas. A partida est\u00e1 agendada para s\u00e1bado (25), \u00e0s 15h30, no est\u00e1dio da Colina.<\/p>\n<h2>Hist\u00f3rico de Gustavo Vintecinco em Clubes Brasileiros<\/h2>\n<p>Gustavo Vintecinco possui uma trajet\u00f3ria rica em diversos clubes do futebol nacional e internacional. Seu curr\u00edculo inclui passagens por equipes renomadas como Santo Andr\u00e9-SP, Portuguesa Santista-SP, e XV de Ja\u00fa-SP, assim como experi\u00eancias no exterior, jogando pelo Busan Ipark na Coreia do Sul. Na \u00faltima temporada, ele disputou 14 jogos pelo \u00c1guia de Marab\u00e1-PA, onde marcou tr\u00eas gols, o que demonstra sua capacidade de contribuir ofensivamente.<\/p>\n<h2>Desempenho do Nacional na Temporada Atual<\/h2>\n<p>Atualmente, o Nacional est\u00e1 se destacando na temporada e lidera suas competi\u00e7\u00f5es, mostrando um futebol s\u00f3lido e eficiente. Os torcedores est\u00e3o otimistas com o desempenho da equipe, que tem conseguido resultados positivos e demonstrado um bom entrosamento entre os jogadores. Essa fase de bons resultados \u00e9 um incentivo para o clube, buscando se firmar como uma pot\u00eancia no cen\u00e1rio regional.<\/p>\n<h2>Mudan\u00e7as no Elenco: Sa\u00eddas Not\u00e1veis<\/h2>\n<p>Embora as novas contrata\u00e7\u00f5es sejam bem-vindas, o Nacional tamb\u00e9m vivenciou algumas sa\u00eddas not\u00e1veis. O meia \u00cdcaro Robert, que j\u00e1 havia deixado a equipe ap\u00f3s o Campeonato Amazonense, e o volante Wallace Bonilha, que n\u00e3o teve uma participa\u00e7\u00e3o significativa nesta temporada, com apenas tr\u00eas jogos, n\u00e3o fazem mais parte do grupo. Essas mudan\u00e7as s\u00e3o parte de uma reestrutura\u00e7\u00e3o necess\u00e1ria para fortalecer o desempenho da equipe.<\/p>\n<h2>Impacto das Novas Contrata\u00e7\u00f5es no Campeonato<\/h2>\n<p>A inclus\u00e3o de Gustavo Vintecinco e Erick Var\u00e3o no elenco \u00e9 vista como um passo estrat\u00e9gico para aumentar as chances do Nacional no Campeonato. Ambas as contrata\u00e7\u00f5es trazem experi\u00eancia, qualidade e potencial para a equipe, o que pode ser decisivo nas partidas futuras. A expectativa \u00e9 que a presen\u00e7a destes novos jogadores modifica positivamente a din\u00e2mica da equipe em campo.<\/p>\n<h2>T\u00e1tica do T\u00e9cnico Thiago Gomes<\/h2>\n<p>Thiago Gomes, o t\u00e9cnico do Nacional, tem se destacado pela sua habilidade em montar uma equipe competitiva. A chegada de Gustavo e Erick pode permitir que ele implemente novas t\u00e1ticas e estrat\u00e9gias, diversificando as op\u00e7\u00f5es de ataque e refor\u00e7ando a defesa. A adapta\u00e7\u00e3o e entrosamento dos novos jogadores ser\u00e3o essenciais para o sucesso do time nas pr\u00f3ximas partidas.<\/p>\n<h2>Futuro do Nacional FC com as Novas Aquisi\u00e7\u00f5es<\/h2>\n<p>O futuro do Nacional FC parece promissor com as novas aquisi\u00e7\u00f5es. A equipe, al\u00e9m de manter sua lideran\u00e7a nas competi\u00e7\u00f5es, tamb\u00e9m est\u00e1 investindo em talentos que visam ampliar suas oportunidades de triunfar ao longo da temporada. Com um elenco que se renova e se adapta \u00e0s necessidades do campeonato, as perspectivas de sucesso s\u00e3o crescentes. O aumento da profundidade do banco de reservas e a varia\u00e7\u00e3o t\u00e1tica poder\u00e3o fazer a diferen\u00e7a entre a conquista de t\u00edtulos ou a manuten\u00e7\u00e3o de uma boa coloca\u00e7\u00e3o na tabela.<\/p>\n","protected":false},"excerpt":{"rendered":"<p>Nacional FC anuncia empr\u00e9stimo de Gustavo Vintecinco, refor\u00e7o crucial para o ataque.<\/p>\n","protected":false},"author":1,"featured_media":5335,"comment_status":"open","ping_status":"","sticky":false,"template":"","format":"standard","meta":{"footnotes":""},"categories":[5],"tags":[],"class_list":["post-5336","post","type-post","status-publish","format-standard","has-post-thumbnail","hentry","category-noticias","has_thumb"],"yoast_head":"<!-- This site is optimized with the Yoast SEO plugin v27.2 - https:\/\/yoast.com\/product\/yoast-seo-wordpress\/ -->\n<title>Nacional acerta empr\u00e9stimo de Gustavo Vintecinco, ex | Guia Comercial de Marab\u00e1 PA<\/title>\n<meta name=\"robots\" content=\"index, follow, max-snippet:-1, max-image-preview:large, max-video-preview:-1\" \/>\n<link rel=\"canonical\" href=\"https:\/\/www.encontrapara.com.br\/maraba\/nacional-acerta-emprestimo-de-gustavo-vintecinco-ex\/\" \/>\n<meta property=\"og:locale\" content=\"pt_BR\" \/>\n<meta property=\"og:type\" content=\"article\" \/>\n<meta property=\"og:title\" content=\"Nacional acerta empr\u00e9stimo de Gustavo Vintecinco, ex | Guia Comercial de Marab\u00e1 PA\" \/>\n<meta property=\"og:description\" content=\"Nacional FC anuncia empr\u00e9stimo de Gustavo Vintecinco, refor\u00e7o crucial para o ataque.\" \/>\n<meta property=\"og:url\" content=\"https:\/\/www.encontrapara.com.br\/maraba\/nacional-acerta-emprestimo-de-gustavo-vintecinco-ex\/\" \/>\n<meta property=\"og:site_name\" content=\"Guia Comercial de Marab\u00e1 PA\" \/>\n<meta property=\"article:published_time\" content=\"2026-04-23T10:44:26+00:00\" \/>\n<meta property=\"og:image\" content=\"https:\/\/www.encontrapara.com.br\/maraba\/wp-content\/uploads\/2026\/04\/nacional-acerta-emprestimo-de-gustavo-vintecinco-ex.webp\" \/>\n<meta name=\"author\" content=\"Encontra Marab\u00e1\" \/>\n<meta name=\"twitter:card\" content=\"summary_large_image\" \/>\n<meta name=\"twitter:label1\" content=\"Escrito por\" \/>\n\t<meta name=\"twitter:data1\" content=\"Encontra Marab\u00e1\" \/>\n\t<meta name=\"twitter:label2\" content=\"Est. tempo de leitura\" \/>\n\t<meta name=\"twitter:data2\" content=\"4 minutos\" \/>\n<script type=\"application\/ld+json\" class=\"yoast-schema-graph\">{\"@context\":\"https:\/\/schema.org\",\"@graph\":[{\"@type\":\"Article\",\"@id\":\"https:\/\/www.encontrapara.com.br\/maraba\/nacional-acerta-emprestimo-de-gustavo-vintecinco-ex\/#article\",\"isPartOf\":{\"@id\":\"https:\/\/www.encontrapara.com.br\/maraba\/nacional-acerta-emprestimo-de-gustavo-vintecinco-ex\/\"},\"author\":{\"name\":\"Encontra Marab\u00e1\",\"@id\":\"https:\/\/www.encontrapara.com.br\/maraba\/#\/schema\/person\/489c98b1b22d4a1c687875e43fc8b929\"},\"headline\":\"Nacional acerta empr\u00e9stimo de Gustavo Vintecinco, ex\",\"datePublished\":\"2026-04-23T10:44:26+00:00\",\"mainEntityOfPage\":{\"@id\":\"https:\/\/www.encontrapara.com.br\/maraba\/nacional-acerta-emprestimo-de-gustavo-vintecinco-ex\/\"},\"wordCount\":773,\"commentCount\":0,\"image\":{\"@id\":\"https:\/\/www.encontrapara.com.br\/maraba\/nacional-acerta-emprestimo-de-gustavo-vintecinco-ex\/#primaryimage\"},\"thumbnailUrl\":\"https:\/\/www.encontrapara.com.br\/maraba\/wp-content\/uploads\/2026\/04\/nacional-acerta-emprestimo-de-gustavo-vintecinco-ex.webp\",\"articleSection\":[\"Not\u00edcias Marab\u00e1\"],\"inLanguage\":\"pt-BR\",\"potentialAction\":[{\"@type\":\"CommentAction\",\"name\":\"Comment\",\"target\":[\"https:\/\/www.encontrapara.com.br\/maraba\/nacional-acerta-emprestimo-de-gustavo-vintecinco-ex\/#respond\"]}]},{\"@type\":\"WebPage\",\"@id\":\"https:\/\/www.encontrapara.com.br\/maraba\/nacional-acerta-emprestimo-de-gustavo-vintecinco-ex\/\",\"url\":\"https:\/\/www.encontrapara.com.br\/maraba\/nacional-acerta-emprestimo-de-gustavo-vintecinco-ex\/\",\"name\":\"Nacional acerta empr\u00e9stimo de Gustavo Vintecinco, ex | Guia Comercial de Marab\u00e1 PA\",\"isPartOf\":{\"@id\":\"https:\/\/www.encontrapara.com.br\/maraba\/#website\"},\"primaryImageOfPage\":{\"@id\":\"https:\/\/www.encontrapara.com.br\/maraba\/nacional-acerta-emprestimo-de-gustavo-vintecinco-ex\/#primaryimage\"},\"image\":{\"@id\":\"https:\/\/www.encontrapara.com.br\/maraba\/nacional-acerta-emprestimo-de-gustavo-vintecinco-ex\/#primaryimage\"},\"thumbnailUrl\":\"https:\/\/www.encontrapara.com.br\/maraba\/wp-content\/uploads\/2026\/04\/nacional-acerta-emprestimo-de-gustavo-vintecinco-ex.webp\",\"datePublished\":\"2026-04-23T10:44:26+00:00\",\"author\":{\"@id\":\"https:\/\/www.encontrapara.com.br\/maraba\/#\/schema\/person\/489c98b1b22d4a1c687875e43fc8b929\"},\"inLanguage\":\"pt-BR\",\"potentialAction\":[{\"@type\":\"ReadAction\",\"target\":[\"https:\/\/www.encontrapara.com.br\/maraba\/nacional-acerta-emprestimo-de-gustavo-vintecinco-ex\/\"]}]},{\"@type\":\"ImageObject\",\"inLanguage\":\"pt-BR\",\"@id\":\"https:\/\/www.encontrapara.com.br\/maraba\/nacional-acerta-emprestimo-de-gustavo-vintecinco-ex\/#primaryimage\",\"url\":\"https:\/\/www.encontrapara.com.br\/maraba\/wp-content\/uploads\/2026\/04\/nacional-acerta-emprestimo-de-gustavo-vintecinco-ex.webp\",\"contentUrl\":\"https:\/\/www.encontrapara.com.br\/maraba\/wp-content\/uploads\/2026\/04\/nacional-acerta-emprestimo-de-gustavo-vintecinco-ex.webp\",\"width\":280,\"height\":280,\"caption\":\"Nacional FC\"},{\"@type\":\"WebSite\",\"@id\":\"https:\/\/www.encontrapara.com.br\/maraba\/#website\",\"url\":\"https:\/\/www.encontrapara.com.br\/maraba\/\",\"name\":\"Guia Comercial de Marab\u00e1 PA\",\"description\":\"\",\"potentialAction\":[{\"@type\":\"SearchAction\",\"target\":{\"@type\":\"EntryPoint\",\"urlTemplate\":\"https:\/\/www.encontrapara.com.br\/maraba\/?s={search_term_string}\"},\"query-input\":{\"@type\":\"PropertyValueSpecification\",\"valueRequired\":true,\"valueName\":\"search_term_string\"}}],\"inLanguage\":\"pt-BR\"},{\"@type\":\"Person\",\"@id\":\"https:\/\/www.encontrapara.com.br\/maraba\/#\/schema\/person\/489c98b1b22d4a1c687875e43fc8b929\",\"name\":\"Encontra Marab\u00e1\",\"image\":{\"@type\":\"ImageObject\",\"inLanguage\":\"pt-BR\",\"@id\":\"https:\/\/secure.gravatar.com\/avatar\/c50c17820bcf322f0a8fd6b110b8c0918141409dc69076470f6fca5fee70a5d4?s=96&d=mm&r=g\",\"url\":\"https:\/\/secure.gravatar.com\/avatar\/c50c17820bcf322f0a8fd6b110b8c0918141409dc69076470f6fca5fee70a5d4?s=96&d=mm&r=g\",\"contentUrl\":\"https:\/\/secure.gravatar.com\/avatar\/c50c17820bcf322f0a8fd6b110b8c0918141409dc69076470f6fca5fee70a5d4?s=96&d=mm&r=g\",\"caption\":\"Encontra Marab\u00e1\"},\"url\":\"https:\/\/www.encontrapara.com.br\/maraba\/author\/encontramaraba\/\"}]}<\/script>\n<!-- \/ Yoast SEO plugin. -->","yoast_head_json":{"title":"Nacional acerta empr\u00e9stimo de Gustavo Vintecinco, ex | Guia Comercial de Marab\u00e1 PA","robots":{"index":"index","follow":"follow","max-snippet":"max-snippet:-1","max-image-preview":"max-image-preview:large","max-video-preview":"max-video-preview:-1"},"canonical":"https:\/\/www.encontrapara.com.br\/maraba\/nacional-acerta-emprestimo-de-gustavo-vintecinco-ex\/","og_locale":"pt_BR","og_type":"article","og_title":"Nacional acerta empr\u00e9stimo de Gustavo Vintecinco, ex | Guia Comercial de Marab\u00e1 PA","og_description":"Nacional FC anuncia empr\u00e9stimo de Gustavo Vintecinco, refor\u00e7o crucial para o ataque.","og_url":"https:\/\/www.encontrapara.com.br\/maraba\/nacional-acerta-emprestimo-de-gustavo-vintecinco-ex\/","og_site_name":"Guia Comercial de Marab\u00e1 PA","article_published_time":"2026-04-23T10:44:26+00:00","og_image":[{"url":"https:\/\/www.encontrapara.com.br\/maraba\/wp-content\/uploads\/2026\/04\/nacional-acerta-emprestimo-de-gustavo-vintecinco-ex.webp","type":"","width":"","height":""}],"author":"Encontra Marab\u00e1","twitter_card":"summary_large_image","twitter_misc":{"Escrito por":"Encontra Marab\u00e1","Est. tempo de leitura":"4 minutos"},"schema":{"@context":"https:\/\/schema.org","@graph":[{"@type":"Article","@id":"https:\/\/www.encontrapara.com.br\/maraba\/nacional-acerta-emprestimo-de-gustavo-vintecinco-ex\/#article","isPartOf":{"@id":"https:\/\/www.encontrapara.com.br\/maraba\/nacional-acerta-emprestimo-de-gustavo-vintecinco-ex\/"},"author":{"name":"Encontra Marab\u00e1","@id":"https:\/\/www.encontrapara.com.br\/maraba\/#\/schema\/person\/489c98b1b22d4a1c687875e43fc8b929"},"headline":"Nacional acerta empr\u00e9stimo de Gustavo Vintecinco, ex","datePublished":"2026-04-23T10:44:26+00:00","mainEntityOfPage":{"@id":"https:\/\/www.encontrapara.com.br\/maraba\/nacional-acerta-emprestimo-de-gustavo-vintecinco-ex\/"},"wordCount":773,"commentCount":0,"image":{"@id":"https:\/\/www.encontrapara.com.br\/maraba\/nacional-acerta-emprestimo-de-gustavo-vintecinco-ex\/#primaryimage"},"thumbnailUrl":"https:\/\/www.encontrapara.com.br\/maraba\/wp-content\/uploads\/2026\/04\/nacional-acerta-emprestimo-de-gustavo-vintecinco-ex.webp","articleSection":["Not\u00edcias Marab\u00e1"],"inLanguage":"pt-BR","potentialAction":[{"@type":"CommentAction","name":"Comment","target":["https:\/\/www.encontrapara.com.br\/maraba\/nacional-acerta-emprestimo-de-gustavo-vintecinco-ex\/#respond"]}]},{"@type":"WebPage","@id":"https:\/\/www.encontrapara.com.br\/maraba\/nacional-acerta-emprestimo-de-gustavo-vintecinco-ex\/","url":"https:\/\/www.encontrapara.com.br\/maraba\/nacional-acerta-emprestimo-de-gustavo-vintecinco-ex\/","name":"Nacional acerta empr\u00e9stimo de Gustavo Vintecinco, ex | Guia Comercial de Marab\u00e1 PA","isPartOf":{"@id":"https:\/\/www.encontrapara.com.br\/maraba\/#website"},"primaryImageOfPage":{"@id":"https:\/\/www.encontrapara.com.br\/maraba\/nacional-acerta-emprestimo-de-gustavo-vintecinco-ex\/#primaryimage"},"image":{"@id":"https:\/\/www.encontrapara.com.br\/maraba\/nacional-acerta-emprestimo-de-gustavo-vintecinco-ex\/#primaryimage"},"thumbnailUrl":"https:\/\/www.encontrapara.com.br\/maraba\/wp-content\/uploads\/2026\/04\/nacional-acerta-emprestimo-de-gustavo-vintecinco-ex.webp","datePublished":"2026-04-23T10:44:26+00:00","author":{"@id":"https:\/\/www.encontrapara.com.br\/maraba\/#\/schema\/person\/489c98b1b22d4a1c687875e43fc8b929"},"inLanguage":"pt-BR","potentialAction":[{"@type":"ReadAction","target":["https:\/\/www.encontrapara.com.br\/maraba\/nacional-acerta-emprestimo-de-gustavo-vintecinco-ex\/"]}]},{"@type":"ImageObject","inLanguage":"pt-BR","@id":"https:\/\/www.encontrapara.com.br\/maraba\/nacional-acerta-emprestimo-de-gustavo-vintecinco-ex\/#primaryimage","url":"https:\/\/www.encontrapara.com.br\/maraba\/wp-content\/uploads\/2026\/04\/nacional-acerta-emprestimo-de-gustavo-vintecinco-ex.webp","contentUrl":"https:\/\/www.encontrapara.com.br\/maraba\/wp-content\/uploads\/2026\/04\/nacional-acerta-emprestimo-de-gustavo-vintecinco-ex.webp","width":280,"height":280,"caption":"Nacional FC"},{"@type":"WebSite","@id":"https:\/\/www.encontrapara.com.br\/maraba\/#website","url":"https:\/\/www.encontrapara.com.br\/maraba\/","name":"Guia Comercial de Marab\u00e1 PA","description":"","potentialAction":[{"@type":"SearchAction","target":{"@type":"EntryPoint","urlTemplate":"https:\/\/www.encontrapara.com.br\/maraba\/?s={search_term_string}"},"query-input":{"@type":"PropertyValueSpecification","valueRequired":true,"valueName":"search_term_string"}}],"inLanguage":"pt-BR"},{"@type":"Person","@id":"https:\/\/www.encontrapara.com.br\/maraba\/#\/schema\/person\/489c98b1b22d4a1c687875e43fc8b929","name":"Encontra Marab\u00e1","image":{"@type":"ImageObject","inLanguage":"pt-BR","@id":"https:\/\/secure.gravatar.com\/avatar\/c50c17820bcf322f0a8fd6b110b8c0918141409dc69076470f6fca5fee70a5d4?s=96&d=mm&r=g","url":"https:\/\/secure.gravatar.com\/avatar\/c50c17820bcf322f0a8fd6b110b8c0918141409dc69076470f6fca5fee70a5d4?s=96&d=mm&r=g","contentUrl":"https:\/\/secure.gravatar.com\/avatar\/c50c17820bcf322f0a8fd6b110b8c0918141409dc69076470f6fca5fee70a5d4?s=96&d=mm&r=g","caption":"Encontra Marab\u00e1"},"url":"https:\/\/www.encontrapara.com.br\/maraba\/author\/encontramaraba\/"}]}},"_links":{"self":[{"href":"https:\/\/www.encontrapara.com.br\/maraba\/wp-json\/wp\/v2\/posts\/5336","targetHints":{"allow":["GET"]}}],"collection":[{"href":"https:\/\/www.encontrapara.com.br\/maraba\/wp-json\/wp\/v2\/posts"}],"about":[{"href":"https:\/\/www.encontrapara.com.br\/maraba\/wp-json\/wp\/v2\/types\/post"}],"author":[{"embeddable":true,"href":"https:\/\/www.encontrapara.com.br\/maraba\/wp-json\/wp\/v2\/users\/1"}],"replies":[{"embeddable":true,"href":"https:\/\/www.encontrapara.com.br\/maraba\/wp-json\/wp\/v2\/comments?post=5336"}],"version-history":[{"count":0,"href":"https:\/\/www.encontrapara.com.br\/maraba\/wp-json\/wp\/v2\/posts\/5336\/revisions"}],"wp:featuredmedia":[{"embeddable":true,"href":"https:\/\/www.encontrapara.com.br\/maraba\/wp-json\/wp\/v2\/media\/5335"}],"wp:attachment":[{"href":"https:\/\/www.encontrapara.com.br\/maraba\/wp-json\/wp\/v2\/media?parent=5336"}],"wp:term":[{"taxonomy":"category","embeddable":true,"href":"https:\/\/www.encontrapara.com.br\/maraba\/wp-json\/wp\/v2\/categories?post=5336"},{"taxonomy":"post_tag","embeddable":true,"href":"https:\/\/www.encontrapara.com.br\/maraba\/wp-json\/wp\/v2\/tags?post=5336"}],"curies":[{"name":"wp","href":"https:\/\/api.w.org\/{rel}","templated":true}]}}