{"id":5180,"date":"2026-03-23T07:44:24","date_gmt":"2026-03-23T10:44:24","guid":{"rendered":"https:\/\/www.encontrapara.com.br\/maraba\/maraba-visita-de-ministro-da-educacao-consolida-curso-de-medicina-e-expansao-da-unifesspa\/"},"modified":"2026-03-23T07:44:24","modified_gmt":"2026-03-23T10:44:24","slug":"maraba-visita-de-ministro-da-educacao-consolida-curso-de-medicina-e-expansao-da-unifesspa","status":"publish","type":"post","link":"https:\/\/www.encontrapara.com.br\/maraba\/maraba-visita-de-ministro-da-educacao-consolida-curso-de-medicina-e-expansao-da-unifesspa\/","title":{"rendered":"Marab\u00e1: visita de ministro da Educa\u00e7\u00e3o consolida curso de Medicina e expans\u00e3o da Unifesspa"},"content":{"rendered":"<h2>Visita do Ministro da Educa\u00e7\u00e3o<\/h2>\n<p>Em um evento marcante para a Universidade Federal do Sul e Sudeste do Par\u00e1 (Unifesspa), o Ministro da Educa\u00e7\u00e3o, Camilo Santana, realizar\u00e1 uma visita oficial no dia 27 de fevereiro de 2026. Este ser\u00e1 um momento decisivo, destacando-se a assinatura da portaria que autoriza o lan\u00e7amento do curso de Medicina, uma demanda de longa data que promete transformar a forma\u00e7\u00e3o m\u00e9dica e os servi\u00e7os de sa\u00fade na regi\u00e3o.<\/p>\n<h2>Assinatura da Portaria para o Curso de Medicina<\/h2>\n<p>O ponto alto da programa\u00e7\u00e3o ser\u00e1 a formaliza\u00e7\u00e3o do curso de Medicina, uma conquista resultante de um esfor\u00e7o conjunto entre a gest\u00e3o da Unifesspa, o Minist\u00e9rio da Educa\u00e7\u00e3o (MEC) e representantes pol\u00edticos do Par\u00e1. Segundo o reitor da universidade, professor Francisco Ribeiro Costa, essa iniciativa representa a culmina\u00e7\u00e3o de um extenso trabalho colaborativo que visa aprimorar o ensino e o atendimento em sa\u00fade local.<\/p>\n<h2>Infraestrutura em Foco<\/h2>\n<p>Durante sua visita, Camilo Santana tamb\u00e9m participar\u00e1 da inaugura\u00e7\u00e3o de diversas obras de infraestrutura no campus, como a urbaniza\u00e7\u00e3o de \u00e1reas na Unidade de Santana do Araguaia. O ministro visitar\u00e1 importantes empreendimentos que foram viabilizados pelo Programa de Acelera\u00e7\u00e3o do Crescimento (PAC Educa\u00e7\u00e3o), destacando-se um novo pr\u00e9dio de cinco andares na Unidade II, que teve um investimento de R$ 22 milh\u00f5es.<\/p>\n<h2>Impacto na Sa\u00fade P\u00fablica<\/h2>\n<p>A autoriza\u00e7\u00e3o para o curso de Medicina \u00e9 um passo significativo para atender \u00e0 demanda crescente por profissionais de sa\u00fade na regi\u00e3o. Com 75% da popula\u00e7\u00e3o brasileira dependente exclusivamente do Sistema \u00danico de Sa\u00fade (SUS), \u00e9 essencial formar m\u00e9dicos que permane\u00e7am e atuem localmente, contribuindo para a melhoria do acesso \u00e0 sa\u00fade de qualidade.<\/p>\n<h2>Expectativa de Forma\u00e7\u00e3o de M\u00e9dicos<\/h2>\n<p>A Unifesspa projeta que a forma\u00e7\u00e3o de m\u00e9dicos em sua pr\u00f3pria regi\u00e3o ajudar\u00e1 na reten\u00e7\u00e3o desses profissionais, melhorando a cobertura de sa\u00fade em 39 munic\u00edpios de sua \u00e1rea de atua\u00e7\u00e3o. Em mar\u00e7o de 2025, o Conselho Superior de Ensino, Pesquisa e Extens\u00e3o (Consepe) da Unifesspa j\u00e1 havia aprovado a cria\u00e7\u00e3o da gradua\u00e7\u00e3o, que ser\u00e1 vinculada ao Instituto de Estudos em Sa\u00fade e Biol\u00f3gicas (IESB).<\/p>\n<h2>Investimentos em Novas Obras<\/h2>\n<p>A lista de melhorias n\u00e3o para por a\u00ed. Al\u00e9m da assinatura da ordem de servi\u00e7o para o Restaurante Universit\u00e1rio na Unidade II, outros empreendimentos tamb\u00e9m est\u00e3o sendo planejados. Essas estruturas visam proporcionar aos estudantes infraestrutura adequadas, elevando a qualidade da assist\u00eancia estudantil e buscando facilitar o dia a dia acad\u00eamico.<\/p>\n<h2>A\u00e7\u00f5es e Parcerias Estrat\u00e9gicas<\/h2>\n<p>Com a amplia\u00e7\u00e3o da infraestruturas e do curso de Medicina, a Unifesspa celebra novas parcerias que visam fortalecer a forma\u00e7\u00e3o acad\u00eamica e profissional. O envolvimento de autoridades locais e pol\u00edticas \u00e9 crucial para garantir a continuidade dessas iniciativas, fortalecendo os la\u00e7os entre a academia e a comunidade.<\/p>\n<h2>Hospital Universit\u00e1rio em Marab\u00e1<\/h2>\n<p>Uma das iniciativas mais esperadas \u00e9 a constru\u00e7\u00e3o de um Hospital Universit\u00e1rio em Marab\u00e1, o que ser\u00e1 essencial para o treinamento pr\u00e1tico dos futuros m\u00e9dicos e para oferecer atendimento em sa\u00fade de refer\u00eancia na regi\u00e3o. O terreno para o hospital foi doado pela prefeitura municipal, e o senador Jader Barbalho \u00e9 uma das principais figuras apoiando a viabiliza\u00e7\u00e3o dos recursos necess\u00e1rios para essa obra.<\/p>\n<h2>Import\u00e2ncia da Unifesspa na Regi\u00e3o<\/h2>\n<p>A Unifesspa, fundada em 2013, tem desempenhado um papel vital na interioriza\u00e7\u00e3o do ensino superior na Amaz\u00f4nia. Al\u00e9m de suas iniciativas na \u00e1rea da sa\u00fade, a universidade oferece mais de 40 cursos presenciais e 18 programas de p\u00f3s-gradua\u00e7\u00e3o, contribuindo para o desenvolvimento educacional e socioecon\u00f4mico da regi\u00e3o.<\/p>\n<h2>Futuro da Educa\u00e7\u00e3o em Marab\u00e1<\/h2>\n<p>A previs\u00e3o \u00e9 que, com a implementa\u00e7\u00e3o do curso de Medicina e a constru\u00e7\u00e3o do Hospital Universit\u00e1rio, a Unifesspa possa n\u00e3o apenas formar profissionais qualificados, mas tamb\u00e9m transformar a din\u00e2mica educativa em Marab\u00e1, tornando-se um pilar fundamental para a forma\u00e7\u00e3o vocacional e a melhoria da sa\u00fade p\u00fablica. Al\u00e9m disso, espera-se que essas a\u00e7\u00f5es ajudem a atrair novos investimentos e estudantes, refor\u00e7ando o compromisso da universidade com a qualidade e a acessibilidade da educa\u00e7\u00e3o superior na regi\u00e3o.<\/p>\n","protected":false},"excerpt":{"rendered":"<p>Marab\u00e1 garante curso de Medicina com visita do Ministro da Educa\u00e7\u00e3o \u00e0 Unifesspa.<\/p>\n","protected":false},"author":1,"featured_media":0,"comment_status":"open","ping_status":"","sticky":false,"template":"","format":"standard","meta":{"footnotes":""},"categories":[896],"tags":[],"class_list":["post-5180","post","type-post","status-publish","format-standard","hentry","category-cursos"],"yoast_head":"<!-- This site is optimized with the Yoast SEO plugin v27.2 - https:\/\/yoast.com\/product\/yoast-seo-wordpress\/ -->\n<title>Marab\u00e1: visita de ministro da Educa\u00e7\u00e3o consolida curso de Medicina e expans\u00e3o da Unifesspa | Guia Comercial de Marab\u00e1 PA<\/title>\n<meta name=\"robots\" content=\"index, follow, max-snippet:-1, max-image-preview:large, max-video-preview:-1\" \/>\n<link rel=\"canonical\" href=\"https:\/\/www.encontrapara.com.br\/maraba\/maraba-visita-de-ministro-da-educacao-consolida-curso-de-medicina-e-expansao-da-unifesspa\/\" \/>\n<meta property=\"og:locale\" content=\"pt_BR\" \/>\n<meta property=\"og:type\" content=\"article\" \/>\n<meta property=\"og:title\" content=\"Marab\u00e1: visita de ministro da Educa\u00e7\u00e3o consolida curso de Medicina e expans\u00e3o da Unifesspa | Guia Comercial de Marab\u00e1 PA\" \/>\n<meta property=\"og:description\" content=\"Marab\u00e1 garante curso de Medicina com visita do Ministro da Educa\u00e7\u00e3o \u00e0 Unifesspa.\" \/>\n<meta property=\"og:url\" content=\"https:\/\/www.encontrapara.com.br\/maraba\/maraba-visita-de-ministro-da-educacao-consolida-curso-de-medicina-e-expansao-da-unifesspa\/\" \/>\n<meta property=\"og:site_name\" content=\"Guia Comercial de Marab\u00e1 PA\" \/>\n<meta property=\"article:published_time\" content=\"2026-03-23T10:44:24+00:00\" \/>\n<meta name=\"author\" content=\"Encontra Marab\u00e1\" \/>\n<meta name=\"twitter:card\" content=\"summary_large_image\" \/>\n<meta name=\"twitter:label1\" content=\"Escrito por\" \/>\n\t<meta name=\"twitter:data1\" content=\"Encontra Marab\u00e1\" \/>\n\t<meta name=\"twitter:label2\" content=\"Est. tempo de leitura\" \/>\n\t<meta name=\"twitter:data2\" content=\"4 minutos\" \/>\n<script type=\"application\/ld+json\" class=\"yoast-schema-graph\">{\"@context\":\"https:\/\/schema.org\",\"@graph\":[{\"@type\":\"Article\",\"@id\":\"https:\/\/www.encontrapara.com.br\/maraba\/maraba-visita-de-ministro-da-educacao-consolida-curso-de-medicina-e-expansao-da-unifesspa\/#article\",\"isPartOf\":{\"@id\":\"https:\/\/www.encontrapara.com.br\/maraba\/maraba-visita-de-ministro-da-educacao-consolida-curso-de-medicina-e-expansao-da-unifesspa\/\"},\"author\":{\"name\":\"Encontra Marab\u00e1\",\"@id\":\"https:\/\/www.encontrapara.com.br\/maraba\/#\/schema\/person\/489c98b1b22d4a1c687875e43fc8b929\"},\"headline\":\"Marab\u00e1: visita de ministro da Educa\u00e7\u00e3o consolida curso de Medicina e expans\u00e3o da Unifesspa\",\"datePublished\":\"2026-03-23T10:44:24+00:00\",\"mainEntityOfPage\":{\"@id\":\"https:\/\/www.encontrapara.com.br\/maraba\/maraba-visita-de-ministro-da-educacao-consolida-curso-de-medicina-e-expansao-da-unifesspa\/\"},\"wordCount\":742,\"commentCount\":0,\"articleSection\":[\"Cursos Marab\u00e1\"],\"inLanguage\":\"pt-BR\",\"potentialAction\":[{\"@type\":\"CommentAction\",\"name\":\"Comment\",\"target\":[\"https:\/\/www.encontrapara.com.br\/maraba\/maraba-visita-de-ministro-da-educacao-consolida-curso-de-medicina-e-expansao-da-unifesspa\/#respond\"]}]},{\"@type\":\"WebPage\",\"@id\":\"https:\/\/www.encontrapara.com.br\/maraba\/maraba-visita-de-ministro-da-educacao-consolida-curso-de-medicina-e-expansao-da-unifesspa\/\",\"url\":\"https:\/\/www.encontrapara.com.br\/maraba\/maraba-visita-de-ministro-da-educacao-consolida-curso-de-medicina-e-expansao-da-unifesspa\/\",\"name\":\"Marab\u00e1: visita de ministro da Educa\u00e7\u00e3o consolida curso de Medicina e expans\u00e3o da Unifesspa | Guia Comercial de Marab\u00e1 PA\",\"isPartOf\":{\"@id\":\"https:\/\/www.encontrapara.com.br\/maraba\/#website\"},\"datePublished\":\"2026-03-23T10:44:24+00:00\",\"author\":{\"@id\":\"https:\/\/www.encontrapara.com.br\/maraba\/#\/schema\/person\/489c98b1b22d4a1c687875e43fc8b929\"},\"inLanguage\":\"pt-BR\",\"potentialAction\":[{\"@type\":\"ReadAction\",\"target\":[\"https:\/\/www.encontrapara.com.br\/maraba\/maraba-visita-de-ministro-da-educacao-consolida-curso-de-medicina-e-expansao-da-unifesspa\/\"]}]},{\"@type\":\"WebSite\",\"@id\":\"https:\/\/www.encontrapara.com.br\/maraba\/#website\",\"url\":\"https:\/\/www.encontrapara.com.br\/maraba\/\",\"name\":\"Guia Comercial de Marab\u00e1 PA\",\"description\":\"\",\"potentialAction\":[{\"@type\":\"SearchAction\",\"target\":{\"@type\":\"EntryPoint\",\"urlTemplate\":\"https:\/\/www.encontrapara.com.br\/maraba\/?s={search_term_string}\"},\"query-input\":{\"@type\":\"PropertyValueSpecification\",\"valueRequired\":true,\"valueName\":\"search_term_string\"}}],\"inLanguage\":\"pt-BR\"},{\"@type\":\"Person\",\"@id\":\"https:\/\/www.encontrapara.com.br\/maraba\/#\/schema\/person\/489c98b1b22d4a1c687875e43fc8b929\",\"name\":\"Encontra Marab\u00e1\",\"image\":{\"@type\":\"ImageObject\",\"inLanguage\":\"pt-BR\",\"@id\":\"https:\/\/secure.gravatar.com\/avatar\/c50c17820bcf322f0a8fd6b110b8c0918141409dc69076470f6fca5fee70a5d4?s=96&d=mm&r=g\",\"url\":\"https:\/\/secure.gravatar.com\/avatar\/c50c17820bcf322f0a8fd6b110b8c0918141409dc69076470f6fca5fee70a5d4?s=96&d=mm&r=g\",\"contentUrl\":\"https:\/\/secure.gravatar.com\/avatar\/c50c17820bcf322f0a8fd6b110b8c0918141409dc69076470f6fca5fee70a5d4?s=96&d=mm&r=g\",\"caption\":\"Encontra Marab\u00e1\"},\"url\":\"https:\/\/www.encontrapara.com.br\/maraba\/author\/encontramaraba\/\"}]}<\/script>\n<!-- \/ Yoast SEO plugin. -->","yoast_head_json":{"title":"Marab\u00e1: visita de ministro da Educa\u00e7\u00e3o consolida curso de Medicina e expans\u00e3o da Unifesspa | Guia Comercial de Marab\u00e1 PA","robots":{"index":"index","follow":"follow","max-snippet":"max-snippet:-1","max-image-preview":"max-image-preview:large","max-video-preview":"max-video-preview:-1"},"canonical":"https:\/\/www.encontrapara.com.br\/maraba\/maraba-visita-de-ministro-da-educacao-consolida-curso-de-medicina-e-expansao-da-unifesspa\/","og_locale":"pt_BR","og_type":"article","og_title":"Marab\u00e1: visita de ministro da Educa\u00e7\u00e3o consolida curso de Medicina e expans\u00e3o da Unifesspa | Guia Comercial de Marab\u00e1 PA","og_description":"Marab\u00e1 garante curso de Medicina com visita do Ministro da Educa\u00e7\u00e3o \u00e0 Unifesspa.","og_url":"https:\/\/www.encontrapara.com.br\/maraba\/maraba-visita-de-ministro-da-educacao-consolida-curso-de-medicina-e-expansao-da-unifesspa\/","og_site_name":"Guia Comercial de Marab\u00e1 PA","article_published_time":"2026-03-23T10:44:24+00:00","author":"Encontra Marab\u00e1","twitter_card":"summary_large_image","twitter_misc":{"Escrito por":"Encontra Marab\u00e1","Est. tempo de leitura":"4 minutos"},"schema":{"@context":"https:\/\/schema.org","@graph":[{"@type":"Article","@id":"https:\/\/www.encontrapara.com.br\/maraba\/maraba-visita-de-ministro-da-educacao-consolida-curso-de-medicina-e-expansao-da-unifesspa\/#article","isPartOf":{"@id":"https:\/\/www.encontrapara.com.br\/maraba\/maraba-visita-de-ministro-da-educacao-consolida-curso-de-medicina-e-expansao-da-unifesspa\/"},"author":{"name":"Encontra Marab\u00e1","@id":"https:\/\/www.encontrapara.com.br\/maraba\/#\/schema\/person\/489c98b1b22d4a1c687875e43fc8b929"},"headline":"Marab\u00e1: visita de ministro da Educa\u00e7\u00e3o consolida curso de Medicina e expans\u00e3o da Unifesspa","datePublished":"2026-03-23T10:44:24+00:00","mainEntityOfPage":{"@id":"https:\/\/www.encontrapara.com.br\/maraba\/maraba-visita-de-ministro-da-educacao-consolida-curso-de-medicina-e-expansao-da-unifesspa\/"},"wordCount":742,"commentCount":0,"articleSection":["Cursos Marab\u00e1"],"inLanguage":"pt-BR","potentialAction":[{"@type":"CommentAction","name":"Comment","target":["https:\/\/www.encontrapara.com.br\/maraba\/maraba-visita-de-ministro-da-educacao-consolida-curso-de-medicina-e-expansao-da-unifesspa\/#respond"]}]},{"@type":"WebPage","@id":"https:\/\/www.encontrapara.com.br\/maraba\/maraba-visita-de-ministro-da-educacao-consolida-curso-de-medicina-e-expansao-da-unifesspa\/","url":"https:\/\/www.encontrapara.com.br\/maraba\/maraba-visita-de-ministro-da-educacao-consolida-curso-de-medicina-e-expansao-da-unifesspa\/","name":"Marab\u00e1: visita de ministro da Educa\u00e7\u00e3o consolida curso de Medicina e expans\u00e3o da Unifesspa | Guia Comercial de Marab\u00e1 PA","isPartOf":{"@id":"https:\/\/www.encontrapara.com.br\/maraba\/#website"},"datePublished":"2026-03-23T10:44:24+00:00","author":{"@id":"https:\/\/www.encontrapara.com.br\/maraba\/#\/schema\/person\/489c98b1b22d4a1c687875e43fc8b929"},"inLanguage":"pt-BR","potentialAction":[{"@type":"ReadAction","target":["https:\/\/www.encontrapara.com.br\/maraba\/maraba-visita-de-ministro-da-educacao-consolida-curso-de-medicina-e-expansao-da-unifesspa\/"]}]},{"@type":"WebSite","@id":"https:\/\/www.encontrapara.com.br\/maraba\/#website","url":"https:\/\/www.encontrapara.com.br\/maraba\/","name":"Guia Comercial de Marab\u00e1 PA","description":"","potentialAction":[{"@type":"SearchAction","target":{"@type":"EntryPoint","urlTemplate":"https:\/\/www.encontrapara.com.br\/maraba\/?s={search_term_string}"},"query-input":{"@type":"PropertyValueSpecification","valueRequired":true,"valueName":"search_term_string"}}],"inLanguage":"pt-BR"},{"@type":"Person","@id":"https:\/\/www.encontrapara.com.br\/maraba\/#\/schema\/person\/489c98b1b22d4a1c687875e43fc8b929","name":"Encontra Marab\u00e1","image":{"@type":"ImageObject","inLanguage":"pt-BR","@id":"https:\/\/secure.gravatar.com\/avatar\/c50c17820bcf322f0a8fd6b110b8c0918141409dc69076470f6fca5fee70a5d4?s=96&d=mm&r=g","url":"https:\/\/secure.gravatar.com\/avatar\/c50c17820bcf322f0a8fd6b110b8c0918141409dc69076470f6fca5fee70a5d4?s=96&d=mm&r=g","contentUrl":"https:\/\/secure.gravatar.com\/avatar\/c50c17820bcf322f0a8fd6b110b8c0918141409dc69076470f6fca5fee70a5d4?s=96&d=mm&r=g","caption":"Encontra Marab\u00e1"},"url":"https:\/\/www.encontrapara.com.br\/maraba\/author\/encontramaraba\/"}]}},"_links":{"self":[{"href":"https:\/\/www.encontrapara.com.br\/maraba\/wp-json\/wp\/v2\/posts\/5180","targetHints":{"allow":["GET"]}}],"collection":[{"href":"https:\/\/www.encontrapara.com.br\/maraba\/wp-json\/wp\/v2\/posts"}],"about":[{"href":"https:\/\/www.encontrapara.com.br\/maraba\/wp-json\/wp\/v2\/types\/post"}],"author":[{"embeddable":true,"href":"https:\/\/www.encontrapara.com.br\/maraba\/wp-json\/wp\/v2\/users\/1"}],"replies":[{"embeddable":true,"href":"https:\/\/www.encontrapara.com.br\/maraba\/wp-json\/wp\/v2\/comments?post=5180"}],"version-history":[{"count":0,"href":"https:\/\/www.encontrapara.com.br\/maraba\/wp-json\/wp\/v2\/posts\/5180\/revisions"}],"wp:attachment":[{"href":"https:\/\/www.encontrapara.com.br\/maraba\/wp-json\/wp\/v2\/media?parent=5180"}],"wp:term":[{"taxonomy":"category","embeddable":true,"href":"https:\/\/www.encontrapara.com.br\/maraba\/wp-json\/wp\/v2\/categories?post=5180"},{"taxonomy":"post_tag","embeddable":true,"href":"https:\/\/www.encontrapara.com.br\/maraba\/wp-json\/wp\/v2\/tags?post=5180"}],"curies":[{"name":"wp","href":"https:\/\/api.w.org\/{rel}","templated":true}]}}