{"id":5144,"date":"2026-03-11T07:44:24","date_gmt":"2026-03-11T10:44:24","guid":{"rendered":"https:\/\/www.encontrapara.com.br\/maraba\/aeroporto-no-para-inaugura-nova-sala-de-embarque-e-area-de-check\/"},"modified":"2026-03-11T07:44:24","modified_gmt":"2026-03-11T10:44:24","slug":"aeroporto-no-para-inaugura-nova-sala-de-embarque-e-area-de-check","status":"publish","type":"post","link":"https:\/\/www.encontrapara.com.br\/maraba\/aeroporto-no-para-inaugura-nova-sala-de-embarque-e-area-de-check\/","title":{"rendered":"Aeroporto no Par\u00e1 inaugura nova sala de embarque e \u00e1rea de check"},"content":{"rendered":"<h2>O Que Mudou no Aeroporto?<\/h2>\n<p>Recentemente, o aeroporto de Marab\u00e1, localizado no estado do Par\u00e1, passou por transforma\u00e7\u00f5es significativas. A concession\u00e1ria Aena Brasil anunciou a abertura de uma nova sala de embarque e uma \u00e1rea de check-in modernizada para atender a demanda crescente de passageiros. Essa iniciativa faz parte de um projeto mais amplo destinado \u00e0 amplia\u00e7\u00e3o e moderniza\u00e7\u00e3o das instala\u00e7\u00f5es do terminal, que expandir\u00e1 de 1.800 m\u00b2 para impressionantes 5.100 m\u00b2.<\/p>\n<h2>Detalhes da Nova Sala de Embarque<\/h2>\n<p>A nova sala de embarque \u00e9 um destaque importante na reformula\u00e7\u00e3o do aeroporto. A amplia\u00e7\u00e3o desta \u00e1rea aumentou seu tamanho de 340 m\u00b2 para 770 m\u00b2. Agora, os passageiros ter\u00e3o \u00e0 disposi\u00e7\u00e3o quatro port\u00f5es de embarque. Essa expans\u00e3o \u00e9 crucial para facilitar o fluxo de viajantes e melhorar a efici\u00eancia dos embarques, garantindo um processo mais tranquilo e organizado dentro do terminal.<\/p>\n<h2>Inova\u00e7\u00f5es na \u00c1rea de Check-in<\/h2>\n<p>Al\u00e9m da sala de embarque, a \u00e1rea de check-in tamb\u00e9m recebeu melhorias significativas. Aumentada de 155 m\u00b2 para 330 m\u00b2, esta nova \u00e1rea apresenta um total de dezesseis posi\u00e7\u00f5es de atendimento. Esse aprimoramento \u00e9 fundamental para tornar os procedimentos de despacho de bagagens e o atendimento aos passageiros mais \u00e1geis, especialmente durante os hor\u00e1rios de pico.<\/p>\n<h2>Benef\u00edcios da Amplia\u00e7\u00e3o do Terminal<\/h2>\n<p>Os novos espa\u00e7os inaugurados oferecem m\u00faltiplos benef\u00edcios n\u00e3o apenas para os passageiros, mas tamb\u00e9m para a opera\u00e7\u00e3o do aeroporto. Com a amplia\u00e7\u00e3o do terminal, a capacidade de atendimento foi triplicada, facilitando a reorganiza\u00e7\u00e3o dos fluxos internos e melhorando a experi\u00eancia de todos os usu\u00e1rios. Isso tamb\u00e9m ajudar\u00e1 a minimizar os congestionamentos que costumam ocorrer em hor\u00e1rios de maior movimento.<\/p>\n<h2>Impactos no Fluxo de Passageiros<\/h2>\n<p>Com as melhorias implementadas, a expectativa \u00e9 que haja um impacto positivo significativo no fluxo de passageiros. A \u00e1rea p\u00fablica do aeroporto, que agora \u00e9 mais espa\u00e7osa, permitir\u00e1 que os passageiros e seus acompanhantes se movam com mais facilidade. Isso n\u00e3o s\u00f3 melhora a experi\u00eancia geral, mas tamb\u00e9m contribui para a seguran\u00e7a operacional, reduzindo o estresse durante os momentos de espera e embarque.<\/p>\n<h2>Infraestrutura Modernizada<\/h2>\n<p>A moderniza\u00e7\u00e3o do aeroporto n\u00e3o se restringe apenas ao aumento do espa\u00e7o. O projeto inclui diversas melhorias em \u00e1reas operacionais e de seguran\u00e7a. Novos sistemas de controle de inspe\u00e7\u00e3o de seguran\u00e7a ser\u00e3o instalados, aumentando a efic\u00e1cia das verifica\u00e7\u00f5es, enquanto as \u00e1reas de restitui\u00e7\u00e3o de bagagens tamb\u00e9m receber\u00e3o amplia\u00e7\u00f5es. Al\u00e9m disso, o projeto contempla a melhoria da infraestrutura externa do terminal e a expans\u00e3o da via de pedestres que oferece acesso ao aeroporto.<\/p>\n<h2>Vantagens da Nova \u00c1rea de Check-in<\/h2>\n<p>A nova \u00e1rea de check-in apresenta vantagens substanciais. As novas posi\u00e7\u00f5es de atendimento permitir\u00e3o um fluxo mais racionalizado de passageiros, que poder\u00e3o realizar o check-in de forma mais eficiente. Isso n\u00e3o apenas promove uma experi\u00eancia mais amig\u00e1vel para os viajantes, mas tamb\u00e9m aumenta a capacidade do aeroporto de gerenciar um n\u00famero maior de passageiros durante per\u00edodos de alta demanda.<\/p>\n<h2>Expectativas para o Futuro do Aeroporto<\/h2>\n<p>A expans\u00e3o e moderniza\u00e7\u00e3o do aeroporto de Marab\u00e1 simbolizam um passo significativo rumo ao futuro. Com as novas instala\u00e7\u00f5es, aguarda-se que o aeroporto n\u00e3o apenas atenda melhor a demanda atual, mas tamb\u00e9m esteja preparado para um aumento no n\u00famero de voos e passageiros nos pr\u00f3ximos anos. A amplia\u00e7\u00e3o da infraestrutura aeroportu\u00e1ria permitir\u00e1 um maior desenvolvimento para a regi\u00e3o, potencializando a conex\u00e3o da cidade com outros destinos.<\/p>\n<h2>O Papel da Aena Brasil na Amplitude<\/h2>\n<p>A Aena Brasil, como concession\u00e1ria respons\u00e1vel, desempenha um papel fundamental na realiza\u00e7\u00e3o desses projetos de amplia\u00e7\u00e3o e moderniza\u00e7\u00e3o. A empresa est\u00e1 comprometida em oferecer uma melhor experi\u00eancia aos passageiros e melhorar os padr\u00f5es operacionais do aeroporto. As iniciativas em curso demonstram um foco claro em investir na infraestrutura aeroportu\u00e1ria, o que, por sua vez, deve gerar benef\u00edcios econ\u00f4micos e sociais para a comunidade local.<\/p>\n<h2>Como as Mudan\u00e7as Afetam a Comunidade Local<\/h2>\n<p>As melhorias no aeroporto de Marab\u00e1 tamb\u00e9m t\u00eam implica\u00e7\u00f5es importantes para a comunidade local. O aumento da capacidade e da efici\u00eancia do aeroporto pode atrair mais neg\u00f3cios, turismo e investimentos para a regi\u00e3o. Al\u00e9m disso, a cria\u00e7\u00e3o de empregos durante a constru\u00e7\u00e3o e nas opera\u00e7\u00f5es do aeroporto pode proporcionar um impulso significativo \u00e0 economia local. A moderniza\u00e7\u00e3o poder\u00e1 impulsionar Marab\u00e1 rumo a um futuro em que a conectividade e o crescimento v\u00e3o de m\u00e3os dadas com o desenvolvimento social.<\/p>\n","protected":false},"excerpt":{"rendered":"<p>Aeroporto no Par\u00e1 ganha nova sala de embarque e \u00e1rea de check-in incr\u00edvel!<\/p>\n","protected":false},"author":1,"featured_media":0,"comment_status":"open","ping_status":"","sticky":false,"template":"","format":"standard","meta":{"footnotes":""},"categories":[5],"tags":[],"class_list":["post-5144","post","type-post","status-publish","format-standard","hentry","category-noticias"],"yoast_head":"<!-- This site is optimized with the Yoast SEO plugin v27.2 - https:\/\/yoast.com\/product\/yoast-seo-wordpress\/ -->\n<title>Aeroporto no Par\u00e1 inaugura nova sala de embarque e \u00e1rea de check | Guia Comercial de Marab\u00e1 PA<\/title>\n<meta name=\"robots\" content=\"index, follow, max-snippet:-1, max-image-preview:large, max-video-preview:-1\" \/>\n<link rel=\"canonical\" href=\"https:\/\/www.encontrapara.com.br\/maraba\/aeroporto-no-para-inaugura-nova-sala-de-embarque-e-area-de-check\/\" \/>\n<meta property=\"og:locale\" content=\"pt_BR\" \/>\n<meta property=\"og:type\" content=\"article\" \/>\n<meta property=\"og:title\" content=\"Aeroporto no Par\u00e1 inaugura nova sala de embarque e \u00e1rea de check | Guia Comercial de Marab\u00e1 PA\" \/>\n<meta property=\"og:description\" content=\"Aeroporto no Par\u00e1 ganha nova sala de embarque e \u00e1rea de check-in incr\u00edvel!\" \/>\n<meta property=\"og:url\" content=\"https:\/\/www.encontrapara.com.br\/maraba\/aeroporto-no-para-inaugura-nova-sala-de-embarque-e-area-de-check\/\" \/>\n<meta property=\"og:site_name\" content=\"Guia Comercial de Marab\u00e1 PA\" \/>\n<meta property=\"article:published_time\" content=\"2026-03-11T10:44:24+00:00\" \/>\n<meta name=\"author\" content=\"Encontra Marab\u00e1\" \/>\n<meta name=\"twitter:card\" content=\"summary_large_image\" \/>\n<meta name=\"twitter:label1\" content=\"Escrito por\" \/>\n\t<meta name=\"twitter:data1\" content=\"Encontra Marab\u00e1\" \/>\n\t<meta name=\"twitter:label2\" content=\"Est. tempo de leitura\" \/>\n\t<meta name=\"twitter:data2\" content=\"4 minutos\" \/>\n<script type=\"application\/ld+json\" class=\"yoast-schema-graph\">{\"@context\":\"https:\/\/schema.org\",\"@graph\":[{\"@type\":\"Article\",\"@id\":\"https:\/\/www.encontrapara.com.br\/maraba\/aeroporto-no-para-inaugura-nova-sala-de-embarque-e-area-de-check\/#article\",\"isPartOf\":{\"@id\":\"https:\/\/www.encontrapara.com.br\/maraba\/aeroporto-no-para-inaugura-nova-sala-de-embarque-e-area-de-check\/\"},\"author\":{\"name\":\"Encontra Marab\u00e1\",\"@id\":\"https:\/\/www.encontrapara.com.br\/maraba\/#\/schema\/person\/489c98b1b22d4a1c687875e43fc8b929\"},\"headline\":\"Aeroporto no Par\u00e1 inaugura nova sala de embarque e \u00e1rea de check\",\"datePublished\":\"2026-03-11T10:44:24+00:00\",\"mainEntityOfPage\":{\"@id\":\"https:\/\/www.encontrapara.com.br\/maraba\/aeroporto-no-para-inaugura-nova-sala-de-embarque-e-area-de-check\/\"},\"wordCount\":795,\"commentCount\":0,\"articleSection\":[\"Not\u00edcias Marab\u00e1\"],\"inLanguage\":\"pt-BR\",\"potentialAction\":[{\"@type\":\"CommentAction\",\"name\":\"Comment\",\"target\":[\"https:\/\/www.encontrapara.com.br\/maraba\/aeroporto-no-para-inaugura-nova-sala-de-embarque-e-area-de-check\/#respond\"]}]},{\"@type\":\"WebPage\",\"@id\":\"https:\/\/www.encontrapara.com.br\/maraba\/aeroporto-no-para-inaugura-nova-sala-de-embarque-e-area-de-check\/\",\"url\":\"https:\/\/www.encontrapara.com.br\/maraba\/aeroporto-no-para-inaugura-nova-sala-de-embarque-e-area-de-check\/\",\"name\":\"Aeroporto no Par\u00e1 inaugura nova sala de embarque e \u00e1rea de check | Guia Comercial de Marab\u00e1 PA\",\"isPartOf\":{\"@id\":\"https:\/\/www.encontrapara.com.br\/maraba\/#website\"},\"datePublished\":\"2026-03-11T10:44:24+00:00\",\"author\":{\"@id\":\"https:\/\/www.encontrapara.com.br\/maraba\/#\/schema\/person\/489c98b1b22d4a1c687875e43fc8b929\"},\"inLanguage\":\"pt-BR\",\"potentialAction\":[{\"@type\":\"ReadAction\",\"target\":[\"https:\/\/www.encontrapara.com.br\/maraba\/aeroporto-no-para-inaugura-nova-sala-de-embarque-e-area-de-check\/\"]}]},{\"@type\":\"WebSite\",\"@id\":\"https:\/\/www.encontrapara.com.br\/maraba\/#website\",\"url\":\"https:\/\/www.encontrapara.com.br\/maraba\/\",\"name\":\"Guia Comercial de Marab\u00e1 PA\",\"description\":\"\",\"potentialAction\":[{\"@type\":\"SearchAction\",\"target\":{\"@type\":\"EntryPoint\",\"urlTemplate\":\"https:\/\/www.encontrapara.com.br\/maraba\/?s={search_term_string}\"},\"query-input\":{\"@type\":\"PropertyValueSpecification\",\"valueRequired\":true,\"valueName\":\"search_term_string\"}}],\"inLanguage\":\"pt-BR\"},{\"@type\":\"Person\",\"@id\":\"https:\/\/www.encontrapara.com.br\/maraba\/#\/schema\/person\/489c98b1b22d4a1c687875e43fc8b929\",\"name\":\"Encontra Marab\u00e1\",\"image\":{\"@type\":\"ImageObject\",\"inLanguage\":\"pt-BR\",\"@id\":\"https:\/\/secure.gravatar.com\/avatar\/c50c17820bcf322f0a8fd6b110b8c0918141409dc69076470f6fca5fee70a5d4?s=96&d=mm&r=g\",\"url\":\"https:\/\/secure.gravatar.com\/avatar\/c50c17820bcf322f0a8fd6b110b8c0918141409dc69076470f6fca5fee70a5d4?s=96&d=mm&r=g\",\"contentUrl\":\"https:\/\/secure.gravatar.com\/avatar\/c50c17820bcf322f0a8fd6b110b8c0918141409dc69076470f6fca5fee70a5d4?s=96&d=mm&r=g\",\"caption\":\"Encontra Marab\u00e1\"},\"url\":\"https:\/\/www.encontrapara.com.br\/maraba\/author\/encontramaraba\/\"}]}<\/script>\n<!-- \/ Yoast SEO plugin. -->","yoast_head_json":{"title":"Aeroporto no Par\u00e1 inaugura nova sala de embarque e \u00e1rea de check | Guia Comercial de Marab\u00e1 PA","robots":{"index":"index","follow":"follow","max-snippet":"max-snippet:-1","max-image-preview":"max-image-preview:large","max-video-preview":"max-video-preview:-1"},"canonical":"https:\/\/www.encontrapara.com.br\/maraba\/aeroporto-no-para-inaugura-nova-sala-de-embarque-e-area-de-check\/","og_locale":"pt_BR","og_type":"article","og_title":"Aeroporto no Par\u00e1 inaugura nova sala de embarque e \u00e1rea de check | Guia Comercial de Marab\u00e1 PA","og_description":"Aeroporto no Par\u00e1 ganha nova sala de embarque e \u00e1rea de check-in incr\u00edvel!","og_url":"https:\/\/www.encontrapara.com.br\/maraba\/aeroporto-no-para-inaugura-nova-sala-de-embarque-e-area-de-check\/","og_site_name":"Guia Comercial de Marab\u00e1 PA","article_published_time":"2026-03-11T10:44:24+00:00","author":"Encontra Marab\u00e1","twitter_card":"summary_large_image","twitter_misc":{"Escrito por":"Encontra Marab\u00e1","Est. tempo de leitura":"4 minutos"},"schema":{"@context":"https:\/\/schema.org","@graph":[{"@type":"Article","@id":"https:\/\/www.encontrapara.com.br\/maraba\/aeroporto-no-para-inaugura-nova-sala-de-embarque-e-area-de-check\/#article","isPartOf":{"@id":"https:\/\/www.encontrapara.com.br\/maraba\/aeroporto-no-para-inaugura-nova-sala-de-embarque-e-area-de-check\/"},"author":{"name":"Encontra Marab\u00e1","@id":"https:\/\/www.encontrapara.com.br\/maraba\/#\/schema\/person\/489c98b1b22d4a1c687875e43fc8b929"},"headline":"Aeroporto no Par\u00e1 inaugura nova sala de embarque e \u00e1rea de check","datePublished":"2026-03-11T10:44:24+00:00","mainEntityOfPage":{"@id":"https:\/\/www.encontrapara.com.br\/maraba\/aeroporto-no-para-inaugura-nova-sala-de-embarque-e-area-de-check\/"},"wordCount":795,"commentCount":0,"articleSection":["Not\u00edcias Marab\u00e1"],"inLanguage":"pt-BR","potentialAction":[{"@type":"CommentAction","name":"Comment","target":["https:\/\/www.encontrapara.com.br\/maraba\/aeroporto-no-para-inaugura-nova-sala-de-embarque-e-area-de-check\/#respond"]}]},{"@type":"WebPage","@id":"https:\/\/www.encontrapara.com.br\/maraba\/aeroporto-no-para-inaugura-nova-sala-de-embarque-e-area-de-check\/","url":"https:\/\/www.encontrapara.com.br\/maraba\/aeroporto-no-para-inaugura-nova-sala-de-embarque-e-area-de-check\/","name":"Aeroporto no Par\u00e1 inaugura nova sala de embarque e \u00e1rea de check | Guia Comercial de Marab\u00e1 PA","isPartOf":{"@id":"https:\/\/www.encontrapara.com.br\/maraba\/#website"},"datePublished":"2026-03-11T10:44:24+00:00","author":{"@id":"https:\/\/www.encontrapara.com.br\/maraba\/#\/schema\/person\/489c98b1b22d4a1c687875e43fc8b929"},"inLanguage":"pt-BR","potentialAction":[{"@type":"ReadAction","target":["https:\/\/www.encontrapara.com.br\/maraba\/aeroporto-no-para-inaugura-nova-sala-de-embarque-e-area-de-check\/"]}]},{"@type":"WebSite","@id":"https:\/\/www.encontrapara.com.br\/maraba\/#website","url":"https:\/\/www.encontrapara.com.br\/maraba\/","name":"Guia Comercial de Marab\u00e1 PA","description":"","potentialAction":[{"@type":"SearchAction","target":{"@type":"EntryPoint","urlTemplate":"https:\/\/www.encontrapara.com.br\/maraba\/?s={search_term_string}"},"query-input":{"@type":"PropertyValueSpecification","valueRequired":true,"valueName":"search_term_string"}}],"inLanguage":"pt-BR"},{"@type":"Person","@id":"https:\/\/www.encontrapara.com.br\/maraba\/#\/schema\/person\/489c98b1b22d4a1c687875e43fc8b929","name":"Encontra Marab\u00e1","image":{"@type":"ImageObject","inLanguage":"pt-BR","@id":"https:\/\/secure.gravatar.com\/avatar\/c50c17820bcf322f0a8fd6b110b8c0918141409dc69076470f6fca5fee70a5d4?s=96&d=mm&r=g","url":"https:\/\/secure.gravatar.com\/avatar\/c50c17820bcf322f0a8fd6b110b8c0918141409dc69076470f6fca5fee70a5d4?s=96&d=mm&r=g","contentUrl":"https:\/\/secure.gravatar.com\/avatar\/c50c17820bcf322f0a8fd6b110b8c0918141409dc69076470f6fca5fee70a5d4?s=96&d=mm&r=g","caption":"Encontra Marab\u00e1"},"url":"https:\/\/www.encontrapara.com.br\/maraba\/author\/encontramaraba\/"}]}},"_links":{"self":[{"href":"https:\/\/www.encontrapara.com.br\/maraba\/wp-json\/wp\/v2\/posts\/5144","targetHints":{"allow":["GET"]}}],"collection":[{"href":"https:\/\/www.encontrapara.com.br\/maraba\/wp-json\/wp\/v2\/posts"}],"about":[{"href":"https:\/\/www.encontrapara.com.br\/maraba\/wp-json\/wp\/v2\/types\/post"}],"author":[{"embeddable":true,"href":"https:\/\/www.encontrapara.com.br\/maraba\/wp-json\/wp\/v2\/users\/1"}],"replies":[{"embeddable":true,"href":"https:\/\/www.encontrapara.com.br\/maraba\/wp-json\/wp\/v2\/comments?post=5144"}],"version-history":[{"count":0,"href":"https:\/\/www.encontrapara.com.br\/maraba\/wp-json\/wp\/v2\/posts\/5144\/revisions"}],"wp:attachment":[{"href":"https:\/\/www.encontrapara.com.br\/maraba\/wp-json\/wp\/v2\/media?parent=5144"}],"wp:term":[{"taxonomy":"category","embeddable":true,"href":"https:\/\/www.encontrapara.com.br\/maraba\/wp-json\/wp\/v2\/categories?post=5144"},{"taxonomy":"post_tag","embeddable":true,"href":"https:\/\/www.encontrapara.com.br\/maraba\/wp-json\/wp\/v2\/tags?post=5144"}],"curies":[{"name":"wp","href":"https:\/\/api.w.org\/{rel}","templated":true}]}}