{"id":5080,"date":"2026-02-17T07:53:55","date_gmt":"2026-02-17T10:53:55","guid":{"rendered":"https:\/\/www.encontrapara.com.br\/maraba\/maraba-tera-vaga-no-mais-medicos-especialistas-para-reforcar-atendimento-no-sus\/"},"modified":"2026-02-17T07:53:55","modified_gmt":"2026-02-17T10:53:55","slug":"maraba-tera-vaga-no-mais-medicos-especialistas-para-reforcar-atendimento-no-sus","status":"publish","type":"post","link":"https:\/\/www.encontrapara.com.br\/maraba\/maraba-tera-vaga-no-mais-medicos-especialistas-para-reforcar-atendimento-no-sus\/","title":{"rendered":"Marab\u00e1 ter\u00e1 vaga no Mais M\u00e9dicos Especialistas para refor\u00e7ar atendimento no SUS"},"content":{"rendered":"<h2>O que \u00e9 o programa Mais M\u00e9dicos?<\/h2>\n<p>O <strong>programa Mais M\u00e9dicos<\/strong> \u00e9 uma iniciativa governamental destinada a ampliar a oferta de atendimento m\u00e9dico em \u00e1reas carentes do Brasil. Atrav\u00e9s da aloca\u00e7\u00e3o de m\u00e9dicos em diferentes regi\u00f5es, especialmente as que apresentam maior necessidade, o programa busca reduzir a car\u00eancia de profissionais de sa\u00fade e melhorar a qualidade do Sistema \u00danico de Sa\u00fade (SUS).<\/p>\n<h2>Import\u00e2ncia dos M\u00e9dicos Especialistas<\/h2>\n<p>A presen\u00e7a de <strong>m\u00e9dicos especialistas<\/strong> \u00e9 fundamental para atender adequadamente as demandas de sa\u00fade da popula\u00e7\u00e3o. Especialidades como cardiologia, ginecologia, pediatria e oncologia s\u00e3o essenciais para o diagn\u00f3stico e tratamento de doen\u00e7as que exigem conhecimento t\u00e9cnico aprofundado. Sua atua\u00e7\u00e3o \u00e9 crucial especialmente nas \u00e1reas onde o acesso a esses profissionais \u00e9 limitado.<\/p>\n<h2>Como se Inscrever para a Vaga<\/h2>\n<p>Os interessados em participar do programa devem se inscrever por meio da plataforma da <strong>Universidade Aberta do SUS (UNA-SUS)<\/strong>. O processo de inscri\u00e7\u00e3o estabelece um prazo espec\u00edfico para que os candidatos possam manifestar interesse nas vagas dispon\u00edveis, que variam conforme a localidade e a especialidade da atua\u00e7\u00e3o m\u00e9dica.<\/p>\n<p><img decoding=\"async\" src=\"https:\/\/www.encontrapara.com.br\/maraba\/wp-content\/uploads\/2026\/02\/maraba-tera-vaga-no-mais-medicos-especialistas-para-reforcar-atendimento-no-sus.webp\" alt=\"Mais M\u00e9dicos Especialistas\" loading=\"lazy\" \/><\/p>\n<h2>Benef\u00edcios do Mais M\u00e9dicos em Marab\u00e1<\/h2>\n<p>A inclus\u00e3o do programa Mais M\u00e9dicos em Marab\u00e1 traz diversas vantagens para a comunidade local:<\/p>\n<ul>\n<li><strong>Atendimento \u00e0 Sa\u00fade:<\/strong> O programa visa suprir lacunas no atendimento m\u00e9dico, especialmente em especialidades em alta demanda.<\/li>\n<li><strong>Capacita\u00e7\u00e3o Profissional:<\/strong> Os m\u00e9dicos selecionados ter\u00e3o acesso a cont\u00ednuas atualiza\u00e7\u00f5es e treinamentos, aprimorando suas habilidades.<\/li>\n<li><strong>Acesso Imediato:<\/strong> Com vagas dispon\u00edveis, a popula\u00e7\u00e3o pode contar com um atendimento mais \u00e1gil e de qualidade.<\/li>\n<\/ul>\n<h2>Principais Especialidades em Alta Demanda<\/h2>\n<p>O programa contempla diversas especialidades, sendo algumas delas de alta demanda no SUS:<\/p>\n<ul>\n<li><strong>Cirurgia Geral:<\/strong> Necess\u00e1ria para uma s\u00e9rie de procedimentos e emerg\u00eancias.<\/li>\n<li><strong>Anestesiologia:<\/strong> Crucial para interven\u00e7\u00f5es cir\u00fargicas e tratamento da dor.<\/li>\n<li><strong>Oncologia Cl\u00ednica:<\/strong> Importante para o tratamento de pacientes com c\u00e2ncer.<\/li>\n<li><strong>Ginecologia:<\/strong> Essencial para a sa\u00fade da mulher e acompanhamento de gesta\u00e7\u00e3o.<\/li>\n<\/ul>\n<h2>Impacto do Programa no SUS<\/h2>\n<p>O impacto do programa Mais M\u00e9dicos \u00e9 vis\u00edvel na melhoria do atendimento no SUS. A chegada de novos especialistas n\u00e3o apenas aumenta a oferta de servi\u00e7os, mas tamb\u00e9m contribui para uma melhor preven\u00e7\u00e3o e tratamento de doen\u00e7as, visto que a amplia\u00e7\u00e3o do n\u00famero de m\u00e9dicos facilita a realiza\u00e7\u00e3o de consultas e procedimentos que antes eram escassos.<\/p>\n<h2>Desafios do Sistema de Sa\u00fade em Marab\u00e1<\/h2>\n<p>Ainda que o programa traga melhorias significativas, o sistema de sa\u00fade em Marab\u00e1 enfrenta desafios que precisam ser abordados:<\/p>\n<ul>\n<li><strong>Infraestrutura:<\/strong> A falta de equipamentos e instala\u00e7\u00f5es adequadas pode limitar a efic\u00e1cia do atendimento.<\/li>\n<li><strong>Recursos Humanos:<\/strong> Incentivar mais m\u00e9dicos a se estabelecerem na regi\u00e3o \u00e9 uma prioridade para manter os profissionais formados.<\/li>\n<li><strong>demandas crescentes:<\/strong> O aumento da popula\u00e7\u00e3o requer um planejamento cont\u00ednuo e eficaz para atender as necessidades de sa\u00fade.<\/li>\n<\/ul>\n<h2>Futuro do Mais M\u00e9dicos Especialistas<\/h2>\n<p>O futuro do Mais M\u00e9dicos Especialistas no Brasil \u00e9 promissor, com o governo federal prevendo um aumento no n\u00famero de m\u00e9dicos de 583 para cerca de 1.500. Isso poder\u00e1 melhorar consideravelmente o cen\u00e1rio de atendimento m\u00e9dico no pa\u00eds, especialmente nas regi\u00f5es Norte e Nordeste, onde a car\u00eancia \u00e9 mais aguda.<\/p>\n<h2>Experi\u00eancias de M\u00e9dicos Participantes<\/h2>\n<p>Os m\u00e9dicos que participaram do programa destacam a import\u00e2ncia da experi\u00eancia tanto profissional quanto pessoal. Muitas vezes, eles relatam um maior envolvimento com a comunidade e o impacto positivo que podem ter na vida dos pacientes, o que traz um sentimento de satisfa\u00e7\u00e3o e realiza\u00e7\u00e3o pessoal ao exercer a profiss\u00e3o em \u00e1reas que realmente necessitam.<\/p>\n<h2>Expectativas para Aumento de Especialistas<\/h2>\n<p>A expectativa em torno do aumento de especialistas na rede p\u00fablica \u00e9 alta, pois a presen\u00e7a de mais m\u00e9dicos especialistas pode resultar em diagn\u00f3sticos mais precoces e tratamentos mais eficazes. Os profissionais tamb\u00e9m estar\u00e3o inseridos em um espa\u00e7o que privilegia a educa\u00e7\u00e3o continuada e a troca de experi\u00eancias, fundamentais para a atualiza\u00e7\u00e3o constante no campo da medicina.<\/p>\n","protected":false},"excerpt":{"rendered":"<p>Marab\u00e1 recebe nova vaga no Mais M\u00e9dicos Especialistas para o SUS.<\/p>\n","protected":false},"author":1,"featured_media":5079,"comment_status":"open","ping_status":"","sticky":false,"template":"","format":"standard","meta":{"footnotes":""},"categories":[5],"tags":[],"class_list":["post-5080","post","type-post","status-publish","format-standard","has-post-thumbnail","hentry","category-noticias","has_thumb"],"yoast_head":"<!-- This site is optimized with the Yoast SEO plugin v27.2 - https:\/\/yoast.com\/product\/yoast-seo-wordpress\/ -->\n<title>Marab\u00e1 ter\u00e1 vaga no Mais M\u00e9dicos Especialistas para refor\u00e7ar atendimento no SUS | Guia Comercial de Marab\u00e1 PA<\/title>\n<meta name=\"robots\" content=\"index, follow, max-snippet:-1, max-image-preview:large, max-video-preview:-1\" \/>\n<link rel=\"canonical\" href=\"https:\/\/www.encontrapara.com.br\/maraba\/maraba-tera-vaga-no-mais-medicos-especialistas-para-reforcar-atendimento-no-sus\/\" \/>\n<meta property=\"og:locale\" content=\"pt_BR\" \/>\n<meta property=\"og:type\" content=\"article\" \/>\n<meta property=\"og:title\" content=\"Marab\u00e1 ter\u00e1 vaga no Mais M\u00e9dicos Especialistas para refor\u00e7ar atendimento no SUS | Guia Comercial de Marab\u00e1 PA\" \/>\n<meta property=\"og:description\" content=\"Marab\u00e1 recebe nova vaga no Mais M\u00e9dicos Especialistas para o SUS.\" \/>\n<meta property=\"og:url\" content=\"https:\/\/www.encontrapara.com.br\/maraba\/maraba-tera-vaga-no-mais-medicos-especialistas-para-reforcar-atendimento-no-sus\/\" \/>\n<meta property=\"og:site_name\" content=\"Guia Comercial de Marab\u00e1 PA\" \/>\n<meta property=\"article:published_time\" content=\"2026-02-17T10:53:55+00:00\" \/>\n<meta property=\"og:image\" content=\"https:\/\/www.encontrapara.com.br\/maraba\/wp-content\/uploads\/2026\/02\/maraba-tera-vaga-no-mais-medicos-especialistas-para-reforcar-atendimento-no-sus.webp\" \/>\n<meta name=\"author\" content=\"Encontra Marab\u00e1\" \/>\n<meta name=\"twitter:card\" content=\"summary_large_image\" \/>\n<meta name=\"twitter:label1\" content=\"Escrito por\" \/>\n\t<meta name=\"twitter:data1\" content=\"Encontra Marab\u00e1\" \/>\n\t<meta name=\"twitter:label2\" content=\"Est. tempo de leitura\" \/>\n\t<meta name=\"twitter:data2\" content=\"3 minutos\" \/>\n<script type=\"application\/ld+json\" class=\"yoast-schema-graph\">{\"@context\":\"https:\/\/schema.org\",\"@graph\":[{\"@type\":\"Article\",\"@id\":\"https:\/\/www.encontrapara.com.br\/maraba\/maraba-tera-vaga-no-mais-medicos-especialistas-para-reforcar-atendimento-no-sus\/#article\",\"isPartOf\":{\"@id\":\"https:\/\/www.encontrapara.com.br\/maraba\/maraba-tera-vaga-no-mais-medicos-especialistas-para-reforcar-atendimento-no-sus\/\"},\"author\":{\"name\":\"Encontra Marab\u00e1\",\"@id\":\"https:\/\/www.encontrapara.com.br\/maraba\/#\/schema\/person\/489c98b1b22d4a1c687875e43fc8b929\"},\"headline\":\"Marab\u00e1 ter\u00e1 vaga no Mais M\u00e9dicos Especialistas para refor\u00e7ar atendimento no SUS\",\"datePublished\":\"2026-02-17T10:53:55+00:00\",\"mainEntityOfPage\":{\"@id\":\"https:\/\/www.encontrapara.com.br\/maraba\/maraba-tera-vaga-no-mais-medicos-especialistas-para-reforcar-atendimento-no-sus\/\"},\"wordCount\":709,\"commentCount\":0,\"image\":{\"@id\":\"https:\/\/www.encontrapara.com.br\/maraba\/maraba-tera-vaga-no-mais-medicos-especialistas-para-reforcar-atendimento-no-sus\/#primaryimage\"},\"thumbnailUrl\":\"https:\/\/www.encontrapara.com.br\/maraba\/wp-content\/uploads\/2026\/02\/maraba-tera-vaga-no-mais-medicos-especialistas-para-reforcar-atendimento-no-sus.webp\",\"articleSection\":[\"Not\u00edcias Marab\u00e1\"],\"inLanguage\":\"pt-BR\",\"potentialAction\":[{\"@type\":\"CommentAction\",\"name\":\"Comment\",\"target\":[\"https:\/\/www.encontrapara.com.br\/maraba\/maraba-tera-vaga-no-mais-medicos-especialistas-para-reforcar-atendimento-no-sus\/#respond\"]}]},{\"@type\":\"WebPage\",\"@id\":\"https:\/\/www.encontrapara.com.br\/maraba\/maraba-tera-vaga-no-mais-medicos-especialistas-para-reforcar-atendimento-no-sus\/\",\"url\":\"https:\/\/www.encontrapara.com.br\/maraba\/maraba-tera-vaga-no-mais-medicos-especialistas-para-reforcar-atendimento-no-sus\/\",\"name\":\"Marab\u00e1 ter\u00e1 vaga no Mais M\u00e9dicos Especialistas para refor\u00e7ar atendimento no SUS | Guia Comercial de Marab\u00e1 PA\",\"isPartOf\":{\"@id\":\"https:\/\/www.encontrapara.com.br\/maraba\/#website\"},\"primaryImageOfPage\":{\"@id\":\"https:\/\/www.encontrapara.com.br\/maraba\/maraba-tera-vaga-no-mais-medicos-especialistas-para-reforcar-atendimento-no-sus\/#primaryimage\"},\"image\":{\"@id\":\"https:\/\/www.encontrapara.com.br\/maraba\/maraba-tera-vaga-no-mais-medicos-especialistas-para-reforcar-atendimento-no-sus\/#primaryimage\"},\"thumbnailUrl\":\"https:\/\/www.encontrapara.com.br\/maraba\/wp-content\/uploads\/2026\/02\/maraba-tera-vaga-no-mais-medicos-especialistas-para-reforcar-atendimento-no-sus.webp\",\"datePublished\":\"2026-02-17T10:53:55+00:00\",\"author\":{\"@id\":\"https:\/\/www.encontrapara.com.br\/maraba\/#\/schema\/person\/489c98b1b22d4a1c687875e43fc8b929\"},\"inLanguage\":\"pt-BR\",\"potentialAction\":[{\"@type\":\"ReadAction\",\"target\":[\"https:\/\/www.encontrapara.com.br\/maraba\/maraba-tera-vaga-no-mais-medicos-especialistas-para-reforcar-atendimento-no-sus\/\"]}]},{\"@type\":\"ImageObject\",\"inLanguage\":\"pt-BR\",\"@id\":\"https:\/\/www.encontrapara.com.br\/maraba\/maraba-tera-vaga-no-mais-medicos-especialistas-para-reforcar-atendimento-no-sus\/#primaryimage\",\"url\":\"https:\/\/www.encontrapara.com.br\/maraba\/wp-content\/uploads\/2026\/02\/maraba-tera-vaga-no-mais-medicos-especialistas-para-reforcar-atendimento-no-sus.webp\",\"contentUrl\":\"https:\/\/www.encontrapara.com.br\/maraba\/wp-content\/uploads\/2026\/02\/maraba-tera-vaga-no-mais-medicos-especialistas-para-reforcar-atendimento-no-sus.webp\",\"width\":280,\"height\":280,\"caption\":\"Mais M\u00e9dicos Especialistas\"},{\"@type\":\"WebSite\",\"@id\":\"https:\/\/www.encontrapara.com.br\/maraba\/#website\",\"url\":\"https:\/\/www.encontrapara.com.br\/maraba\/\",\"name\":\"Guia Comercial de Marab\u00e1 PA\",\"description\":\"\",\"potentialAction\":[{\"@type\":\"SearchAction\",\"target\":{\"@type\":\"EntryPoint\",\"urlTemplate\":\"https:\/\/www.encontrapara.com.br\/maraba\/?s={search_term_string}\"},\"query-input\":{\"@type\":\"PropertyValueSpecification\",\"valueRequired\":true,\"valueName\":\"search_term_string\"}}],\"inLanguage\":\"pt-BR\"},{\"@type\":\"Person\",\"@id\":\"https:\/\/www.encontrapara.com.br\/maraba\/#\/schema\/person\/489c98b1b22d4a1c687875e43fc8b929\",\"name\":\"Encontra Marab\u00e1\",\"image\":{\"@type\":\"ImageObject\",\"inLanguage\":\"pt-BR\",\"@id\":\"https:\/\/secure.gravatar.com\/avatar\/c50c17820bcf322f0a8fd6b110b8c0918141409dc69076470f6fca5fee70a5d4?s=96&d=mm&r=g\",\"url\":\"https:\/\/secure.gravatar.com\/avatar\/c50c17820bcf322f0a8fd6b110b8c0918141409dc69076470f6fca5fee70a5d4?s=96&d=mm&r=g\",\"contentUrl\":\"https:\/\/secure.gravatar.com\/avatar\/c50c17820bcf322f0a8fd6b110b8c0918141409dc69076470f6fca5fee70a5d4?s=96&d=mm&r=g\",\"caption\":\"Encontra Marab\u00e1\"},\"url\":\"https:\/\/www.encontrapara.com.br\/maraba\/author\/encontramaraba\/\"}]}<\/script>\n<!-- \/ Yoast SEO plugin. -->","yoast_head_json":{"title":"Marab\u00e1 ter\u00e1 vaga no Mais M\u00e9dicos Especialistas para refor\u00e7ar atendimento no SUS | Guia Comercial de Marab\u00e1 PA","robots":{"index":"index","follow":"follow","max-snippet":"max-snippet:-1","max-image-preview":"max-image-preview:large","max-video-preview":"max-video-preview:-1"},"canonical":"https:\/\/www.encontrapara.com.br\/maraba\/maraba-tera-vaga-no-mais-medicos-especialistas-para-reforcar-atendimento-no-sus\/","og_locale":"pt_BR","og_type":"article","og_title":"Marab\u00e1 ter\u00e1 vaga no Mais M\u00e9dicos Especialistas para refor\u00e7ar atendimento no SUS | Guia Comercial de Marab\u00e1 PA","og_description":"Marab\u00e1 recebe nova vaga no Mais M\u00e9dicos Especialistas para o SUS.","og_url":"https:\/\/www.encontrapara.com.br\/maraba\/maraba-tera-vaga-no-mais-medicos-especialistas-para-reforcar-atendimento-no-sus\/","og_site_name":"Guia Comercial de Marab\u00e1 PA","article_published_time":"2026-02-17T10:53:55+00:00","og_image":[{"url":"https:\/\/www.encontrapara.com.br\/maraba\/wp-content\/uploads\/2026\/02\/maraba-tera-vaga-no-mais-medicos-especialistas-para-reforcar-atendimento-no-sus.webp","type":"","width":"","height":""}],"author":"Encontra Marab\u00e1","twitter_card":"summary_large_image","twitter_misc":{"Escrito por":"Encontra Marab\u00e1","Est. tempo de leitura":"3 minutos"},"schema":{"@context":"https:\/\/schema.org","@graph":[{"@type":"Article","@id":"https:\/\/www.encontrapara.com.br\/maraba\/maraba-tera-vaga-no-mais-medicos-especialistas-para-reforcar-atendimento-no-sus\/#article","isPartOf":{"@id":"https:\/\/www.encontrapara.com.br\/maraba\/maraba-tera-vaga-no-mais-medicos-especialistas-para-reforcar-atendimento-no-sus\/"},"author":{"name":"Encontra Marab\u00e1","@id":"https:\/\/www.encontrapara.com.br\/maraba\/#\/schema\/person\/489c98b1b22d4a1c687875e43fc8b929"},"headline":"Marab\u00e1 ter\u00e1 vaga no Mais M\u00e9dicos Especialistas para refor\u00e7ar atendimento no SUS","datePublished":"2026-02-17T10:53:55+00:00","mainEntityOfPage":{"@id":"https:\/\/www.encontrapara.com.br\/maraba\/maraba-tera-vaga-no-mais-medicos-especialistas-para-reforcar-atendimento-no-sus\/"},"wordCount":709,"commentCount":0,"image":{"@id":"https:\/\/www.encontrapara.com.br\/maraba\/maraba-tera-vaga-no-mais-medicos-especialistas-para-reforcar-atendimento-no-sus\/#primaryimage"},"thumbnailUrl":"https:\/\/www.encontrapara.com.br\/maraba\/wp-content\/uploads\/2026\/02\/maraba-tera-vaga-no-mais-medicos-especialistas-para-reforcar-atendimento-no-sus.webp","articleSection":["Not\u00edcias Marab\u00e1"],"inLanguage":"pt-BR","potentialAction":[{"@type":"CommentAction","name":"Comment","target":["https:\/\/www.encontrapara.com.br\/maraba\/maraba-tera-vaga-no-mais-medicos-especialistas-para-reforcar-atendimento-no-sus\/#respond"]}]},{"@type":"WebPage","@id":"https:\/\/www.encontrapara.com.br\/maraba\/maraba-tera-vaga-no-mais-medicos-especialistas-para-reforcar-atendimento-no-sus\/","url":"https:\/\/www.encontrapara.com.br\/maraba\/maraba-tera-vaga-no-mais-medicos-especialistas-para-reforcar-atendimento-no-sus\/","name":"Marab\u00e1 ter\u00e1 vaga no Mais M\u00e9dicos Especialistas para refor\u00e7ar atendimento no SUS | Guia Comercial de Marab\u00e1 PA","isPartOf":{"@id":"https:\/\/www.encontrapara.com.br\/maraba\/#website"},"primaryImageOfPage":{"@id":"https:\/\/www.encontrapara.com.br\/maraba\/maraba-tera-vaga-no-mais-medicos-especialistas-para-reforcar-atendimento-no-sus\/#primaryimage"},"image":{"@id":"https:\/\/www.encontrapara.com.br\/maraba\/maraba-tera-vaga-no-mais-medicos-especialistas-para-reforcar-atendimento-no-sus\/#primaryimage"},"thumbnailUrl":"https:\/\/www.encontrapara.com.br\/maraba\/wp-content\/uploads\/2026\/02\/maraba-tera-vaga-no-mais-medicos-especialistas-para-reforcar-atendimento-no-sus.webp","datePublished":"2026-02-17T10:53:55+00:00","author":{"@id":"https:\/\/www.encontrapara.com.br\/maraba\/#\/schema\/person\/489c98b1b22d4a1c687875e43fc8b929"},"inLanguage":"pt-BR","potentialAction":[{"@type":"ReadAction","target":["https:\/\/www.encontrapara.com.br\/maraba\/maraba-tera-vaga-no-mais-medicos-especialistas-para-reforcar-atendimento-no-sus\/"]}]},{"@type":"ImageObject","inLanguage":"pt-BR","@id":"https:\/\/www.encontrapara.com.br\/maraba\/maraba-tera-vaga-no-mais-medicos-especialistas-para-reforcar-atendimento-no-sus\/#primaryimage","url":"https:\/\/www.encontrapara.com.br\/maraba\/wp-content\/uploads\/2026\/02\/maraba-tera-vaga-no-mais-medicos-especialistas-para-reforcar-atendimento-no-sus.webp","contentUrl":"https:\/\/www.encontrapara.com.br\/maraba\/wp-content\/uploads\/2026\/02\/maraba-tera-vaga-no-mais-medicos-especialistas-para-reforcar-atendimento-no-sus.webp","width":280,"height":280,"caption":"Mais M\u00e9dicos Especialistas"},{"@type":"WebSite","@id":"https:\/\/www.encontrapara.com.br\/maraba\/#website","url":"https:\/\/www.encontrapara.com.br\/maraba\/","name":"Guia Comercial de Marab\u00e1 PA","description":"","potentialAction":[{"@type":"SearchAction","target":{"@type":"EntryPoint","urlTemplate":"https:\/\/www.encontrapara.com.br\/maraba\/?s={search_term_string}"},"query-input":{"@type":"PropertyValueSpecification","valueRequired":true,"valueName":"search_term_string"}}],"inLanguage":"pt-BR"},{"@type":"Person","@id":"https:\/\/www.encontrapara.com.br\/maraba\/#\/schema\/person\/489c98b1b22d4a1c687875e43fc8b929","name":"Encontra Marab\u00e1","image":{"@type":"ImageObject","inLanguage":"pt-BR","@id":"https:\/\/secure.gravatar.com\/avatar\/c50c17820bcf322f0a8fd6b110b8c0918141409dc69076470f6fca5fee70a5d4?s=96&d=mm&r=g","url":"https:\/\/secure.gravatar.com\/avatar\/c50c17820bcf322f0a8fd6b110b8c0918141409dc69076470f6fca5fee70a5d4?s=96&d=mm&r=g","contentUrl":"https:\/\/secure.gravatar.com\/avatar\/c50c17820bcf322f0a8fd6b110b8c0918141409dc69076470f6fca5fee70a5d4?s=96&d=mm&r=g","caption":"Encontra Marab\u00e1"},"url":"https:\/\/www.encontrapara.com.br\/maraba\/author\/encontramaraba\/"}]}},"_links":{"self":[{"href":"https:\/\/www.encontrapara.com.br\/maraba\/wp-json\/wp\/v2\/posts\/5080","targetHints":{"allow":["GET"]}}],"collection":[{"href":"https:\/\/www.encontrapara.com.br\/maraba\/wp-json\/wp\/v2\/posts"}],"about":[{"href":"https:\/\/www.encontrapara.com.br\/maraba\/wp-json\/wp\/v2\/types\/post"}],"author":[{"embeddable":true,"href":"https:\/\/www.encontrapara.com.br\/maraba\/wp-json\/wp\/v2\/users\/1"}],"replies":[{"embeddable":true,"href":"https:\/\/www.encontrapara.com.br\/maraba\/wp-json\/wp\/v2\/comments?post=5080"}],"version-history":[{"count":0,"href":"https:\/\/www.encontrapara.com.br\/maraba\/wp-json\/wp\/v2\/posts\/5080\/revisions"}],"wp:featuredmedia":[{"embeddable":true,"href":"https:\/\/www.encontrapara.com.br\/maraba\/wp-json\/wp\/v2\/media\/5079"}],"wp:attachment":[{"href":"https:\/\/www.encontrapara.com.br\/maraba\/wp-json\/wp\/v2\/media?parent=5080"}],"wp:term":[{"taxonomy":"category","embeddable":true,"href":"https:\/\/www.encontrapara.com.br\/maraba\/wp-json\/wp\/v2\/categories?post=5080"},{"taxonomy":"post_tag","embeddable":true,"href":"https:\/\/www.encontrapara.com.br\/maraba\/wp-json\/wp\/v2\/tags?post=5080"}],"curies":[{"name":"wp","href":"https:\/\/api.w.org\/{rel}","templated":true}]}}