{"id":5072,"date":"2026-02-16T07:50:52","date_gmt":"2026-02-16T10:50:52","guid":{"rendered":"https:\/\/www.encontrapara.com.br\/maraba\/saiba-o-que-ficara-aberto-no-feriadao-de-carnaval-no-comercio-de-maraba\/"},"modified":"2026-02-16T07:50:52","modified_gmt":"2026-02-16T10:50:52","slug":"saiba-o-que-ficara-aberto-no-feriadao-de-carnaval-no-comercio-de-maraba","status":"publish","type":"post","link":"https:\/\/www.encontrapara.com.br\/maraba\/saiba-o-que-ficara-aberto-no-feriadao-de-carnaval-no-comercio-de-maraba\/","title":{"rendered":"Saiba o que ficar\u00e1 aberto no feriad\u00e3o de carnaval no com\u00e9rcio de Marab\u00e1"},"content":{"rendered":"<h2>Funcionamento do com\u00e9rcio durante o feriado<\/h2>\n<p>No contexto das festividades de Carnaval, as normativas para o com\u00e9rcio de Marab\u00e1 determinam hor\u00e1rios espec\u00edficos para as atividades de varejo e atacado. O planejamento visa assegurar a operacionalidade correta e respeitar os direitos dos trabalhadores, conforme as diretrizes da Conven\u00e7\u00e3o Coletiva vigente.<\/p>\n<h2>Dia do Comerci\u00e1rio: O que voc\u00ea precisa saber<\/h2>\n<p>O \u201cDia do Comerci\u00e1rio\u201d, celebrado na segunda-feira, dia 16 de fevereiro, \u00e9 considerado um feriado importante para a categoria, conforme a legisla\u00e7\u00e3o brasileira, especificamente a Lei N\u00ba 12.790, de 14 de mar\u00e7o de 2013. Neste dia, todos os estabelecimentos de com\u00e9rcio, sejam atacadistas ou varejistas, incluindo aqueles que trabalham com alimentos, devem dispensar seus funcion\u00e1rios. Portanto, n\u00e3o haver\u00e1 atendimento ao consumidor, garantindo que todos os trabalhadores tenham a folga necess\u00e1ria.<\/p>\n<h2>Normas da Conven\u00e7\u00e3o Coletiva em Marab\u00e1<\/h2>\n<p>A Conven\u00e7\u00e3o Coletiva em vigor foi elaborada para proteger tanto os consumidores quanto os direitos dos trabalhadores do com\u00e9rcio. A presidente do Sindecomar, T\u00e2mara Rodrigues, refor\u00e7a a import\u00e2ncia destas regras, que n\u00e3o apenas garantem o cumprimento das leis, mas tamb\u00e9m promovem uma melhor organiza\u00e7\u00e3o das atividades comerciais durante o feriado.<\/p>\n<p><img decoding=\"async\" src=\"https:\/\/www.encontrapara.com.br\/maraba\/wp-content\/uploads\/2026\/02\/saiba-o-que-ficara-aberto-no-feriadao-de-carnaval-no-comercio-de-maraba.webp\" alt=\"com\u00e9rcio de Marab\u00e1\" loading=\"lazy\" \/><\/p>\n<h2>Lojas que abrir\u00e3o durante o carnaval<\/h2>\n<p>No que diz respeito ao funcionamento das lojas durante o feriado, as normas variam. Durante o Carnaval, na ter\u00e7a-feira, 17 de fevereiro, as lojas de g\u00eaneros aliment\u00edcios, como supermercados e mercados menores, poder\u00e3o operar normalmente, com os funcion\u00e1rios retornando \u00e0s suas atividades. Entretanto, as lojas de outros segmentos e servi\u00e7os estar\u00e3o em recesso, de acordo com os acordos coletivos firmados entre as partes envolvidas.<\/p>\n<h2>Segmento de g\u00eaneros aliment\u00edcios<\/h2>\n<p>Os supermercados e mercadinhos se destacam por continuarem suas opera\u00e7\u00f5es durante o Carnaval, mesmo em um feriado que paralisa grande parte do com\u00e9rcio. Essa exce\u00e7\u00e3o \u00e9 fundamentada na necessidade de atender \u00e0 demanda da popula\u00e7\u00e3o por produtos aliment\u00edcios, garantindo o abastecimento cont\u00ednuo durante todos os dias do feriado.<\/p>\n<h2>O que muda no Partage Shopping<\/h2>\n<p>Em rela\u00e7\u00e3o ao Partage Shopping, as lojas afiliadas ao Sindicato do Com\u00e9rcio de Marab\u00e1 (Sindicom) t\u00eam um cronograma espec\u00edfico. Na segunda-feira, dia 16, esses estabelecimentos n\u00e3o abrir\u00e3o, mas na ter\u00e7a-feira, 17, as atividades voltar\u00e3o ao normal, seguindo os acordos previamente estabelecidos. Este planejamento \u00e9 uma importante medida que faz parte da organiza\u00e7\u00e3o do com\u00e9rcio, permitindo que todos os colaboradores conhe\u00e7am e respeitem suas folgas.<\/p>\n<h2>A import\u00e2ncia dos direitos dos trabalhadores<\/h2>\n<p>As normas definidas na Conven\u00e7\u00e3o Coletiva s\u00e3o cruciais para a prote\u00e7\u00e3o dos direitos dos trabalhadores. A presidente do Sindecomar, T\u00e2mara Rodrigues, menciona que as diretrizes visam assegurar que a categoria seja respeitada durante as festividades, evitando a explora\u00e7\u00e3o e garantindo que todos possam celebrar o Carnaval com suas fam\u00edlias.<\/p>\n<h2>Quando retornam as atividades normais?<\/h2>\n<p>Ap\u00f3s o Carnaval, na quarta-feira, 18 de fevereiro, todas as atividades comerciais em Marab\u00e1 retornar\u00e3o ao seu funcionamento regular. Os colaboradores que estavam dispensados durante o feriado voltar\u00e3o a suas fun\u00e7\u00f5es, permitindo que o com\u00e9rcio se retome plenamente, sem quaisquer restri\u00e7\u00f5es. \u00c9 um dia que marca a volta \u00e0 normalidade ap\u00f3s o per\u00edodo de festividades.<\/p>\n<h2>Como o carnaval afeta o com\u00e9rcio local<\/h2>\n<p>O Carnaval \u00e9 uma \u00e9poca de grande movimenta\u00e7\u00e3o no com\u00e9rcio, atraindo n\u00e3o apenas a popula\u00e7\u00e3o local, mas tamb\u00e9m visitantes de outras regi\u00f5es. Os estabelecimentos que optarem por operar nos dias de carnaval podem se beneficiar com um aumento no fluxo de clientes, principalmente aqueles que oferecem produtos essenciais, como alimentos e bebidas. Entretanto, para aqueles que atendem a outros segmentos, as vendas podem ser afetadas pela folga dos consumidores, que tendem a aproveitar o feriado de forma diferente.<\/p>\n<h2>Dicas para consumidores durante o feriado<\/h2>\n<p>Para os consumidores que pretendem fazer compras durante o feriado de Carnaval, \u00e9 fundamental estar ciente do funcionamento dos estabelecimentos. Aqui est\u00e3o algumas dicas:<\/p>\n<ul>\n<li><strong>Planejamento:<\/strong> Verifique com anteced\u00eancia quais lojas estar\u00e3o abertas e seus hor\u00e1rios de funcionamento.<\/li>\n<li><strong>Promo\u00e7\u00f5es:<\/strong> Fique atento a eventuais promo\u00e7\u00f5es e produtos em destaque, principalmente em supermercados.<\/li>\n<li><strong>Compras em Anteced\u00eancia:<\/strong> Para evitar qualquer contratempos, compre itens essenciais com anteced\u00eancia.<\/li>\n<li><strong>Alternativas de Pagamento:<\/strong> Informe-se sobre as formas de pagamento aceitas, pois algumas lojas podem ter diferentes pol\u00edticas durante feriados.<\/li>\n<\/ul>\n","protected":false},"excerpt":{"rendered":"<p>Fique por dentro do que ficar\u00e1 aberto no com\u00e9rcio de Marab\u00e1 durante o feriad\u00e3o de carnaval.<\/p>\n","protected":false},"author":1,"featured_media":5071,"comment_status":"open","ping_status":"","sticky":false,"template":"","format":"standard","meta":{"footnotes":""},"categories":[5],"tags":[],"class_list":["post-5072","post","type-post","status-publish","format-standard","has-post-thumbnail","hentry","category-noticias","has_thumb"],"yoast_head":"<!-- This site is optimized with the Yoast SEO plugin v27.2 - https:\/\/yoast.com\/product\/yoast-seo-wordpress\/ -->\n<title>Saiba o que ficar\u00e1 aberto no feriad\u00e3o de carnaval no com\u00e9rcio de Marab\u00e1 | Guia Comercial de Marab\u00e1 PA<\/title>\n<meta name=\"robots\" content=\"index, follow, max-snippet:-1, max-image-preview:large, max-video-preview:-1\" \/>\n<link rel=\"canonical\" href=\"https:\/\/www.encontrapara.com.br\/maraba\/saiba-o-que-ficara-aberto-no-feriadao-de-carnaval-no-comercio-de-maraba\/\" \/>\n<meta property=\"og:locale\" content=\"pt_BR\" \/>\n<meta property=\"og:type\" content=\"article\" \/>\n<meta property=\"og:title\" content=\"Saiba o que ficar\u00e1 aberto no feriad\u00e3o de carnaval no com\u00e9rcio de Marab\u00e1 | Guia Comercial de Marab\u00e1 PA\" \/>\n<meta property=\"og:description\" content=\"Fique por dentro do que ficar\u00e1 aberto no com\u00e9rcio de Marab\u00e1 durante o feriad\u00e3o de carnaval.\" \/>\n<meta property=\"og:url\" content=\"https:\/\/www.encontrapara.com.br\/maraba\/saiba-o-que-ficara-aberto-no-feriadao-de-carnaval-no-comercio-de-maraba\/\" \/>\n<meta property=\"og:site_name\" content=\"Guia Comercial de Marab\u00e1 PA\" \/>\n<meta property=\"article:published_time\" content=\"2026-02-16T10:50:52+00:00\" \/>\n<meta property=\"og:image\" content=\"https:\/\/www.encontrapara.com.br\/maraba\/wp-content\/uploads\/2026\/02\/saiba-o-que-ficara-aberto-no-feriadao-de-carnaval-no-comercio-de-maraba.webp\" \/>\n<meta name=\"author\" content=\"Encontra Marab\u00e1\" \/>\n<meta name=\"twitter:card\" content=\"summary_large_image\" \/>\n<meta name=\"twitter:label1\" content=\"Escrito por\" \/>\n\t<meta name=\"twitter:data1\" content=\"Encontra Marab\u00e1\" \/>\n\t<meta name=\"twitter:label2\" content=\"Est. tempo de leitura\" \/>\n\t<meta name=\"twitter:data2\" content=\"4 minutos\" \/>\n<script type=\"application\/ld+json\" class=\"yoast-schema-graph\">{\"@context\":\"https:\/\/schema.org\",\"@graph\":[{\"@type\":\"Article\",\"@id\":\"https:\/\/www.encontrapara.com.br\/maraba\/saiba-o-que-ficara-aberto-no-feriadao-de-carnaval-no-comercio-de-maraba\/#article\",\"isPartOf\":{\"@id\":\"https:\/\/www.encontrapara.com.br\/maraba\/saiba-o-que-ficara-aberto-no-feriadao-de-carnaval-no-comercio-de-maraba\/\"},\"author\":{\"name\":\"Encontra Marab\u00e1\",\"@id\":\"https:\/\/www.encontrapara.com.br\/maraba\/#\/schema\/person\/489c98b1b22d4a1c687875e43fc8b929\"},\"headline\":\"Saiba o que ficar\u00e1 aberto no feriad\u00e3o de carnaval no com\u00e9rcio de Marab\u00e1\",\"datePublished\":\"2026-02-16T10:50:52+00:00\",\"mainEntityOfPage\":{\"@id\":\"https:\/\/www.encontrapara.com.br\/maraba\/saiba-o-que-ficara-aberto-no-feriadao-de-carnaval-no-comercio-de-maraba\/\"},\"wordCount\":741,\"commentCount\":0,\"image\":{\"@id\":\"https:\/\/www.encontrapara.com.br\/maraba\/saiba-o-que-ficara-aberto-no-feriadao-de-carnaval-no-comercio-de-maraba\/#primaryimage\"},\"thumbnailUrl\":\"https:\/\/www.encontrapara.com.br\/maraba\/wp-content\/uploads\/2026\/02\/saiba-o-que-ficara-aberto-no-feriadao-de-carnaval-no-comercio-de-maraba.webp\",\"articleSection\":[\"Not\u00edcias Marab\u00e1\"],\"inLanguage\":\"pt-BR\",\"potentialAction\":[{\"@type\":\"CommentAction\",\"name\":\"Comment\",\"target\":[\"https:\/\/www.encontrapara.com.br\/maraba\/saiba-o-que-ficara-aberto-no-feriadao-de-carnaval-no-comercio-de-maraba\/#respond\"]}]},{\"@type\":\"WebPage\",\"@id\":\"https:\/\/www.encontrapara.com.br\/maraba\/saiba-o-que-ficara-aberto-no-feriadao-de-carnaval-no-comercio-de-maraba\/\",\"url\":\"https:\/\/www.encontrapara.com.br\/maraba\/saiba-o-que-ficara-aberto-no-feriadao-de-carnaval-no-comercio-de-maraba\/\",\"name\":\"Saiba o que ficar\u00e1 aberto no feriad\u00e3o de carnaval no com\u00e9rcio de Marab\u00e1 | Guia Comercial de Marab\u00e1 PA\",\"isPartOf\":{\"@id\":\"https:\/\/www.encontrapara.com.br\/maraba\/#website\"},\"primaryImageOfPage\":{\"@id\":\"https:\/\/www.encontrapara.com.br\/maraba\/saiba-o-que-ficara-aberto-no-feriadao-de-carnaval-no-comercio-de-maraba\/#primaryimage\"},\"image\":{\"@id\":\"https:\/\/www.encontrapara.com.br\/maraba\/saiba-o-que-ficara-aberto-no-feriadao-de-carnaval-no-comercio-de-maraba\/#primaryimage\"},\"thumbnailUrl\":\"https:\/\/www.encontrapara.com.br\/maraba\/wp-content\/uploads\/2026\/02\/saiba-o-que-ficara-aberto-no-feriadao-de-carnaval-no-comercio-de-maraba.webp\",\"datePublished\":\"2026-02-16T10:50:52+00:00\",\"author\":{\"@id\":\"https:\/\/www.encontrapara.com.br\/maraba\/#\/schema\/person\/489c98b1b22d4a1c687875e43fc8b929\"},\"inLanguage\":\"pt-BR\",\"potentialAction\":[{\"@type\":\"ReadAction\",\"target\":[\"https:\/\/www.encontrapara.com.br\/maraba\/saiba-o-que-ficara-aberto-no-feriadao-de-carnaval-no-comercio-de-maraba\/\"]}]},{\"@type\":\"ImageObject\",\"inLanguage\":\"pt-BR\",\"@id\":\"https:\/\/www.encontrapara.com.br\/maraba\/saiba-o-que-ficara-aberto-no-feriadao-de-carnaval-no-comercio-de-maraba\/#primaryimage\",\"url\":\"https:\/\/www.encontrapara.com.br\/maraba\/wp-content\/uploads\/2026\/02\/saiba-o-que-ficara-aberto-no-feriadao-de-carnaval-no-comercio-de-maraba.webp\",\"contentUrl\":\"https:\/\/www.encontrapara.com.br\/maraba\/wp-content\/uploads\/2026\/02\/saiba-o-que-ficara-aberto-no-feriadao-de-carnaval-no-comercio-de-maraba.webp\",\"width\":280,\"height\":280,\"caption\":\"com\u00e9rcio de Marab\u00e1\"},{\"@type\":\"WebSite\",\"@id\":\"https:\/\/www.encontrapara.com.br\/maraba\/#website\",\"url\":\"https:\/\/www.encontrapara.com.br\/maraba\/\",\"name\":\"Guia Comercial de Marab\u00e1 PA\",\"description\":\"\",\"potentialAction\":[{\"@type\":\"SearchAction\",\"target\":{\"@type\":\"EntryPoint\",\"urlTemplate\":\"https:\/\/www.encontrapara.com.br\/maraba\/?s={search_term_string}\"},\"query-input\":{\"@type\":\"PropertyValueSpecification\",\"valueRequired\":true,\"valueName\":\"search_term_string\"}}],\"inLanguage\":\"pt-BR\"},{\"@type\":\"Person\",\"@id\":\"https:\/\/www.encontrapara.com.br\/maraba\/#\/schema\/person\/489c98b1b22d4a1c687875e43fc8b929\",\"name\":\"Encontra Marab\u00e1\",\"image\":{\"@type\":\"ImageObject\",\"inLanguage\":\"pt-BR\",\"@id\":\"https:\/\/secure.gravatar.com\/avatar\/c50c17820bcf322f0a8fd6b110b8c0918141409dc69076470f6fca5fee70a5d4?s=96&d=mm&r=g\",\"url\":\"https:\/\/secure.gravatar.com\/avatar\/c50c17820bcf322f0a8fd6b110b8c0918141409dc69076470f6fca5fee70a5d4?s=96&d=mm&r=g\",\"contentUrl\":\"https:\/\/secure.gravatar.com\/avatar\/c50c17820bcf322f0a8fd6b110b8c0918141409dc69076470f6fca5fee70a5d4?s=96&d=mm&r=g\",\"caption\":\"Encontra Marab\u00e1\"},\"url\":\"https:\/\/www.encontrapara.com.br\/maraba\/author\/encontramaraba\/\"}]}<\/script>\n<!-- \/ Yoast SEO plugin. -->","yoast_head_json":{"title":"Saiba o que ficar\u00e1 aberto no feriad\u00e3o de carnaval no com\u00e9rcio de Marab\u00e1 | Guia Comercial de Marab\u00e1 PA","robots":{"index":"index","follow":"follow","max-snippet":"max-snippet:-1","max-image-preview":"max-image-preview:large","max-video-preview":"max-video-preview:-1"},"canonical":"https:\/\/www.encontrapara.com.br\/maraba\/saiba-o-que-ficara-aberto-no-feriadao-de-carnaval-no-comercio-de-maraba\/","og_locale":"pt_BR","og_type":"article","og_title":"Saiba o que ficar\u00e1 aberto no feriad\u00e3o de carnaval no com\u00e9rcio de Marab\u00e1 | Guia Comercial de Marab\u00e1 PA","og_description":"Fique por dentro do que ficar\u00e1 aberto no com\u00e9rcio de Marab\u00e1 durante o feriad\u00e3o de carnaval.","og_url":"https:\/\/www.encontrapara.com.br\/maraba\/saiba-o-que-ficara-aberto-no-feriadao-de-carnaval-no-comercio-de-maraba\/","og_site_name":"Guia Comercial de Marab\u00e1 PA","article_published_time":"2026-02-16T10:50:52+00:00","og_image":[{"url":"https:\/\/www.encontrapara.com.br\/maraba\/wp-content\/uploads\/2026\/02\/saiba-o-que-ficara-aberto-no-feriadao-de-carnaval-no-comercio-de-maraba.webp","type":"","width":"","height":""}],"author":"Encontra Marab\u00e1","twitter_card":"summary_large_image","twitter_misc":{"Escrito por":"Encontra Marab\u00e1","Est. tempo de leitura":"4 minutos"},"schema":{"@context":"https:\/\/schema.org","@graph":[{"@type":"Article","@id":"https:\/\/www.encontrapara.com.br\/maraba\/saiba-o-que-ficara-aberto-no-feriadao-de-carnaval-no-comercio-de-maraba\/#article","isPartOf":{"@id":"https:\/\/www.encontrapara.com.br\/maraba\/saiba-o-que-ficara-aberto-no-feriadao-de-carnaval-no-comercio-de-maraba\/"},"author":{"name":"Encontra Marab\u00e1","@id":"https:\/\/www.encontrapara.com.br\/maraba\/#\/schema\/person\/489c98b1b22d4a1c687875e43fc8b929"},"headline":"Saiba o que ficar\u00e1 aberto no feriad\u00e3o de carnaval no com\u00e9rcio de Marab\u00e1","datePublished":"2026-02-16T10:50:52+00:00","mainEntityOfPage":{"@id":"https:\/\/www.encontrapara.com.br\/maraba\/saiba-o-que-ficara-aberto-no-feriadao-de-carnaval-no-comercio-de-maraba\/"},"wordCount":741,"commentCount":0,"image":{"@id":"https:\/\/www.encontrapara.com.br\/maraba\/saiba-o-que-ficara-aberto-no-feriadao-de-carnaval-no-comercio-de-maraba\/#primaryimage"},"thumbnailUrl":"https:\/\/www.encontrapara.com.br\/maraba\/wp-content\/uploads\/2026\/02\/saiba-o-que-ficara-aberto-no-feriadao-de-carnaval-no-comercio-de-maraba.webp","articleSection":["Not\u00edcias Marab\u00e1"],"inLanguage":"pt-BR","potentialAction":[{"@type":"CommentAction","name":"Comment","target":["https:\/\/www.encontrapara.com.br\/maraba\/saiba-o-que-ficara-aberto-no-feriadao-de-carnaval-no-comercio-de-maraba\/#respond"]}]},{"@type":"WebPage","@id":"https:\/\/www.encontrapara.com.br\/maraba\/saiba-o-que-ficara-aberto-no-feriadao-de-carnaval-no-comercio-de-maraba\/","url":"https:\/\/www.encontrapara.com.br\/maraba\/saiba-o-que-ficara-aberto-no-feriadao-de-carnaval-no-comercio-de-maraba\/","name":"Saiba o que ficar\u00e1 aberto no feriad\u00e3o de carnaval no com\u00e9rcio de Marab\u00e1 | Guia Comercial de Marab\u00e1 PA","isPartOf":{"@id":"https:\/\/www.encontrapara.com.br\/maraba\/#website"},"primaryImageOfPage":{"@id":"https:\/\/www.encontrapara.com.br\/maraba\/saiba-o-que-ficara-aberto-no-feriadao-de-carnaval-no-comercio-de-maraba\/#primaryimage"},"image":{"@id":"https:\/\/www.encontrapara.com.br\/maraba\/saiba-o-que-ficara-aberto-no-feriadao-de-carnaval-no-comercio-de-maraba\/#primaryimage"},"thumbnailUrl":"https:\/\/www.encontrapara.com.br\/maraba\/wp-content\/uploads\/2026\/02\/saiba-o-que-ficara-aberto-no-feriadao-de-carnaval-no-comercio-de-maraba.webp","datePublished":"2026-02-16T10:50:52+00:00","author":{"@id":"https:\/\/www.encontrapara.com.br\/maraba\/#\/schema\/person\/489c98b1b22d4a1c687875e43fc8b929"},"inLanguage":"pt-BR","potentialAction":[{"@type":"ReadAction","target":["https:\/\/www.encontrapara.com.br\/maraba\/saiba-o-que-ficara-aberto-no-feriadao-de-carnaval-no-comercio-de-maraba\/"]}]},{"@type":"ImageObject","inLanguage":"pt-BR","@id":"https:\/\/www.encontrapara.com.br\/maraba\/saiba-o-que-ficara-aberto-no-feriadao-de-carnaval-no-comercio-de-maraba\/#primaryimage","url":"https:\/\/www.encontrapara.com.br\/maraba\/wp-content\/uploads\/2026\/02\/saiba-o-que-ficara-aberto-no-feriadao-de-carnaval-no-comercio-de-maraba.webp","contentUrl":"https:\/\/www.encontrapara.com.br\/maraba\/wp-content\/uploads\/2026\/02\/saiba-o-que-ficara-aberto-no-feriadao-de-carnaval-no-comercio-de-maraba.webp","width":280,"height":280,"caption":"com\u00e9rcio de Marab\u00e1"},{"@type":"WebSite","@id":"https:\/\/www.encontrapara.com.br\/maraba\/#website","url":"https:\/\/www.encontrapara.com.br\/maraba\/","name":"Guia Comercial de Marab\u00e1 PA","description":"","potentialAction":[{"@type":"SearchAction","target":{"@type":"EntryPoint","urlTemplate":"https:\/\/www.encontrapara.com.br\/maraba\/?s={search_term_string}"},"query-input":{"@type":"PropertyValueSpecification","valueRequired":true,"valueName":"search_term_string"}}],"inLanguage":"pt-BR"},{"@type":"Person","@id":"https:\/\/www.encontrapara.com.br\/maraba\/#\/schema\/person\/489c98b1b22d4a1c687875e43fc8b929","name":"Encontra Marab\u00e1","image":{"@type":"ImageObject","inLanguage":"pt-BR","@id":"https:\/\/secure.gravatar.com\/avatar\/c50c17820bcf322f0a8fd6b110b8c0918141409dc69076470f6fca5fee70a5d4?s=96&d=mm&r=g","url":"https:\/\/secure.gravatar.com\/avatar\/c50c17820bcf322f0a8fd6b110b8c0918141409dc69076470f6fca5fee70a5d4?s=96&d=mm&r=g","contentUrl":"https:\/\/secure.gravatar.com\/avatar\/c50c17820bcf322f0a8fd6b110b8c0918141409dc69076470f6fca5fee70a5d4?s=96&d=mm&r=g","caption":"Encontra Marab\u00e1"},"url":"https:\/\/www.encontrapara.com.br\/maraba\/author\/encontramaraba\/"}]}},"_links":{"self":[{"href":"https:\/\/www.encontrapara.com.br\/maraba\/wp-json\/wp\/v2\/posts\/5072","targetHints":{"allow":["GET"]}}],"collection":[{"href":"https:\/\/www.encontrapara.com.br\/maraba\/wp-json\/wp\/v2\/posts"}],"about":[{"href":"https:\/\/www.encontrapara.com.br\/maraba\/wp-json\/wp\/v2\/types\/post"}],"author":[{"embeddable":true,"href":"https:\/\/www.encontrapara.com.br\/maraba\/wp-json\/wp\/v2\/users\/1"}],"replies":[{"embeddable":true,"href":"https:\/\/www.encontrapara.com.br\/maraba\/wp-json\/wp\/v2\/comments?post=5072"}],"version-history":[{"count":0,"href":"https:\/\/www.encontrapara.com.br\/maraba\/wp-json\/wp\/v2\/posts\/5072\/revisions"}],"wp:featuredmedia":[{"embeddable":true,"href":"https:\/\/www.encontrapara.com.br\/maraba\/wp-json\/wp\/v2\/media\/5071"}],"wp:attachment":[{"href":"https:\/\/www.encontrapara.com.br\/maraba\/wp-json\/wp\/v2\/media?parent=5072"}],"wp:term":[{"taxonomy":"category","embeddable":true,"href":"https:\/\/www.encontrapara.com.br\/maraba\/wp-json\/wp\/v2\/categories?post=5072"},{"taxonomy":"post_tag","embeddable":true,"href":"https:\/\/www.encontrapara.com.br\/maraba\/wp-json\/wp\/v2\/tags?post=5072"}],"curies":[{"name":"wp","href":"https:\/\/api.w.org\/{rel}","templated":true}]}}