{"id":5037,"date":"2026-01-27T07:57:26","date_gmt":"2026-01-27T10:57:26","guid":{"rendered":"https:\/\/www.encontrapara.com.br\/maraba\/seaspac-prefeitura-da-posse-as-novas-conselheiras-do-comdim\/"},"modified":"2026-01-27T07:57:26","modified_gmt":"2026-01-27T10:57:26","slug":"seaspac-prefeitura-da-posse-as-novas-conselheiras-do-comdim","status":"publish","type":"post","link":"https:\/\/www.encontrapara.com.br\/maraba\/seaspac-prefeitura-da-posse-as-novas-conselheiras-do-comdim\/","title":{"rendered":"Seaspac: Prefeitura d\u00e1 posse \u00e0s novas conselheiras do COMDIM"},"content":{"rendered":"<h2>Um Marco na Defesa dos Direitos da Mulher<\/h2>\n<p>No dia 23 de janeiro, um acontecimento de grande relev\u00e2ncia ocorreu em Marab\u00e1, com a posse de 28 novas conselheiras do <strong>Conselho Municipal de Defesa dos Direitos da Mulher<\/strong> (<strong>COMDIM<\/strong>). A cerim\u00f4nia, realizada na <strong>Secretaria de Assist\u00eancia Social, Prote\u00e7\u00e3o e Assuntos Comunit\u00e1rios<\/strong> (<strong>Seaspac<\/strong>), foi presidida pelo prefeito <strong>Toni Cunha<\/strong>, que ressaltou a import\u00e2ncia desse passo para a rede de prote\u00e7\u00e3o feminina no munic\u00edpio.<\/p>\n<p>A fun\u00e7\u00e3o das conselheiras envolve a cria\u00e7\u00e3o, acompanhamento e aprimoramento de pol\u00edticas p\u00fablicas que visam atender as necessidades da popula\u00e7\u00e3o feminina de Marab\u00e1. O evento marca um esfor\u00e7o conjunto para garantir os direitos e a dignidade das mulheres, promovendo um espa\u00e7o de escuta e representa\u00e7\u00e3o no governo.<\/p>\n<h2>A Import\u00e2ncia do Conselho Municipal de Defesa dos Direitos da Mulher<\/h2>\n<p>O <strong>COMDIM<\/strong> \u00e9 mais que um \u00f3rg\u00e3o consultivo; \u00e9 uma pe\u00e7a central no desenvolvimento de pol\u00edticas que atendem uma ampla gama de quest\u00f5es relacionadas aos direitos das mulheres. A organiza\u00e7\u00e3o \u00e9 composta por representantes tanto do poder p\u00fablico quanto da sociedade civil, refletindo a diversidade do munic\u00edpio e garantindo que diferentes vozes sejam ouvidas.<\/p>\n<p><img decoding=\"async\" src=\"https:\/\/www.encontrapara.com.br\/maraba\/wp-content\/uploads\/2026\/01\/seaspac-prefeitura-da-posse-as-novas-conselheiras-do-comdim.webp\" alt=\"Seaspac\" loading=\"lazy\" \/><\/p>\n<p>O conselho atua como um ve\u00edculo de fiscaliza\u00e7\u00e3o e propostas, assegurando que as pol\u00edticas n\u00e3o apenas existam sobre o papel, mas que sejam efetivas na pr\u00e1tica. Este trabalho \u00e9 crucial para combater a viol\u00eancia de g\u00eanero, promover a igualdade e garantir a prote\u00e7\u00e3o das mulheres em Marab\u00e1.<\/p>\n<h2>Vozes Femininas na Lideran\u00e7a de Marab\u00e1<\/h2>\n<p>O ato de posse n\u00e3o apenas trouxe novas conselheiras ao COMDIM, mas tamb\u00e9m simbolizou um avan\u00e7o na representatividade feminina na pol\u00edtica local. A titular da <strong>Seaspac<\/strong>, <strong>M\u00f4nica Thompson<\/strong>, enfatizou que a diversidade no conselho \u00e9 fundamental para atender as quest\u00f5es espec\u00edficas que diferentes grupos de mulheres enfrentam.<\/p>\n<p>Com a participa\u00e7\u00e3o de mulheres de v\u00e1rias origens e viv\u00eancias, o conselho se torna um espa\u00e7o rico em ideias e solu\u00e7\u00f5es, buscando alavancar a transforma\u00e7\u00e3o social atrav\u00e9s do potencial feminino na comunidade.<\/p>\n<h2>A Miss\u00e3o das Novas Conselheiras<\/h2>\n<p>As novas conselheiras est\u00e3o impulsionadas por uma motiva\u00e7\u00e3o intensa, desejando fazer a diferen\u00e7a nas comunidades urbanas e rurais de Marab\u00e1. <strong>Rosalina Isoton<\/strong>, da <strong>Associa\u00e7\u00e3o Mulheres Arco-\u00edris<\/strong>, destacou a import\u00e2ncia do controle social como um meio de garantir a presen\u00e7a das pol\u00edticas p\u00fablicas nas vidas das mulheres.<\/p>\n<p>As conselheiras t\u00eam como miss\u00e3o n\u00e3o s\u00f3 fiscalizar, mas tamb\u00e9m identificar os desafios enfrentados pelas mulheres no dia a dia, propondo solu\u00e7\u00f5es e engajando a popula\u00e7\u00e3o na constru\u00e7\u00e3o de um ambiente mais justo e seguro.<\/p>\n<h2>Expectativas para o Futuro das Pol\u00edticas Femininas<\/h2>\n<p>O novo bi\u00eanio do <strong>COMDIM<\/strong> traz altas expectativas em rela\u00e7\u00e3o \u00e0 luta contra a viol\u00eancia de g\u00eanero e ao fortalecimento das pol\u00edticas p\u00fablicas direcionadas \u00e0s mulheres. A conselheira <strong>Luana Bastos<\/strong> comemorou as perspectivas de mudan\u00e7as significativas para o ano corrente, incluindo a cria\u00e7\u00e3o da <strong>Secretaria da Mulher<\/strong>.<\/p>\n<p>Essa secretaria representa um passo importante na institucionaliza\u00e7\u00e3o das quest\u00f5es de g\u00eanero no governo municipal, sinalizando um compromisso com a pol\u00edtica de igualdade e direitos das mulheres.<\/p>\n<h2>Integra\u00e7\u00e3o entre Governo e Sociedade Civil<\/h2>\n<p>A colabora\u00e7\u00e3o entre o governo e as associa\u00e7\u00f5es sociais \u00e9 vital para o sucesso das iniciativas promovidas pelo <strong>COMDIM<\/strong>. A primeira-dama <strong>Lan\u00fazia Lobo<\/strong> ressaltou que a gest\u00e3o est\u00e1 empenhada em transformar discurso em a\u00e7\u00e3o, levando pol\u00edticas que efetivamente beneficiem as mulheres.<\/p>\n<p>Com uma abordagem colaborativa, busca-se construir uma rede s\u00f3lida de apoio e recursos que permita \u00e0s mulheres superarem adversidades e melhorarem suas condi\u00e7\u00f5es de vida.<\/p>\n<h2>O Papel da Seaspac na Emancipa\u00e7\u00e3o das Mulheres<\/h2>\n<p>A <strong>Seaspac<\/strong> desempenha um papel fundamental na promo\u00e7\u00e3o de pol\u00edticas que buscam combater a viol\u00eancia contra as mulheres e na amplia\u00e7\u00e3o das oportunidades para seu empoderamento. M\u00f4nica Thompson reafirmou a import\u00e2ncia de unir for\u00e7as para criar um ambiente mais saud\u00e1vel e equitativo para todas as mulheres.<\/p>\n<p>As a\u00e7\u00f5es da Seaspac visam fortalecer a emancipa\u00e7\u00e3o feminina, proporcionando acesso a servi\u00e7os e capacita\u00e7\u00f5es que ajudam as mulheres a se tornarem economicamente independentes e a desempenharem pap\u00e9is ativos na sociedade.<\/p>\n<h2>Diversidade e Representatividade no COMDIM<\/h2>\n<p>A diversidade foi um tema central durante a cerim\u00f4nia de posse, especialmente com a inclus\u00e3o de <strong>Let\u00edcia Verneck<\/strong>, a primeira mulher trans a integrar o <strong>COMDIM<\/strong>. A sua participa\u00e7\u00e3o simboliza um avan\u00e7o na representa\u00e7\u00e3o de todas as vozes femininas, incluindo aquelas que historicamente foram marginalizadas.<\/p>\n<p>Let\u00edcia enfatizou que sua presen\u00e7a no conselho n\u00e3o \u00e9 apenas uma vit\u00f3ria para o segmento trans, mas para todas as causas sociais, reafirmando seu compromisso de trabalhar em prol de uma Marab\u00e1 mais inclusiva e justa.<\/p>\n<h2>Desafios e Oportunidades para as Conselheiras<\/h2>\n<p>Embora o esp\u00edrito de esperan\u00e7a e compromisso esteja presente entre as conselheiras, elas tamb\u00e9m enfrentam desafios significativos. <strong>Gilmara Neves<\/strong>, do <strong>Instituto Mais Sa\u00fade<\/strong>, destacou que o papel de conselheira requer dedica\u00e7\u00e3o e responsabilidade, sendo uma oportunidade de atuar diretamente em prol de quem mais precisa.<\/p>\n<p>As conselheiras reconhecem a import\u00e2ncia de serem o elo entre a popula\u00e7\u00e3o e a administra\u00e7\u00e3o p\u00fablica, garantindo que as vozes e necessidades das mulheres sejam claramente comunicadas e atendidas.<\/p>\n<h2>Um Compromisso com a Igualdade de G\u00eanero<\/h2>\n<p>O fortalecimento do <strong>COMDIM<\/strong> e a posse das novas conselheiras representam um compromisso renovado com a luta pela igualdade de g\u00eanero em Marab\u00e1. A partir de agora, as conselheiras dar\u00e3o in\u00edcio a um trabalho intensivo, visando n\u00e3o apenas a promo\u00e7\u00e3o dos direitos das mulheres, mas tamb\u00e9m a constru\u00e7\u00e3o de uma sociedade mais justa e igualit\u00e1ria.<\/p>\n<p>Com um planejamento estrat\u00e9gico e dedica\u00e7\u00e3o, espera-se que o <strong>COMDIM<\/strong> se torne um protagonista nas pol\u00edticas p\u00fablicas voltadas para o bem-estar e a prote\u00e7\u00e3o das mulheres na cidade, garantindo que seus direitos sejam respeitados e promovidos.<\/p>\n","protected":false},"excerpt":{"rendered":"<p>Seaspac fortalece a prote\u00e7\u00e3o feminina com nova gest\u00e3o do COMDIM em Marab\u00e1.<\/p>\n","protected":false},"author":1,"featured_media":5036,"comment_status":"open","ping_status":"","sticky":false,"template":"","format":"standard","meta":{"footnotes":""},"categories":[5],"tags":[],"class_list":["post-5037","post","type-post","status-publish","format-standard","has-post-thumbnail","hentry","category-noticias","has_thumb"],"yoast_head":"<!-- This site is optimized with the Yoast SEO plugin v27.2 - https:\/\/yoast.com\/product\/yoast-seo-wordpress\/ -->\n<title>Seaspac: Prefeitura d\u00e1 posse \u00e0s novas conselheiras do COMDIM | Guia Comercial de Marab\u00e1 PA<\/title>\n<meta name=\"robots\" content=\"index, follow, max-snippet:-1, max-image-preview:large, max-video-preview:-1\" \/>\n<link rel=\"canonical\" href=\"https:\/\/www.encontrapara.com.br\/maraba\/seaspac-prefeitura-da-posse-as-novas-conselheiras-do-comdim\/\" \/>\n<meta property=\"og:locale\" content=\"pt_BR\" \/>\n<meta property=\"og:type\" content=\"article\" \/>\n<meta property=\"og:title\" content=\"Seaspac: Prefeitura d\u00e1 posse \u00e0s novas conselheiras do COMDIM | Guia Comercial de Marab\u00e1 PA\" \/>\n<meta property=\"og:description\" content=\"Seaspac fortalece a prote\u00e7\u00e3o feminina com nova gest\u00e3o do COMDIM em Marab\u00e1.\" \/>\n<meta property=\"og:url\" content=\"https:\/\/www.encontrapara.com.br\/maraba\/seaspac-prefeitura-da-posse-as-novas-conselheiras-do-comdim\/\" \/>\n<meta property=\"og:site_name\" content=\"Guia Comercial de Marab\u00e1 PA\" \/>\n<meta property=\"article:published_time\" content=\"2026-01-27T10:57:26+00:00\" \/>\n<meta property=\"og:image\" content=\"https:\/\/www.encontrapara.com.br\/maraba\/wp-content\/uploads\/2026\/01\/seaspac-prefeitura-da-posse-as-novas-conselheiras-do-comdim.webp\" \/>\n<meta name=\"author\" content=\"Encontra Marab\u00e1\" \/>\n<meta name=\"twitter:card\" content=\"summary_large_image\" \/>\n<meta name=\"twitter:label1\" content=\"Escrito por\" \/>\n\t<meta name=\"twitter:data1\" content=\"Encontra Marab\u00e1\" \/>\n\t<meta name=\"twitter:label2\" content=\"Est. tempo de leitura\" \/>\n\t<meta name=\"twitter:data2\" content=\"5 minutos\" \/>\n<script type=\"application\/ld+json\" class=\"yoast-schema-graph\">{\"@context\":\"https:\/\/schema.org\",\"@graph\":[{\"@type\":\"Article\",\"@id\":\"https:\/\/www.encontrapara.com.br\/maraba\/seaspac-prefeitura-da-posse-as-novas-conselheiras-do-comdim\/#article\",\"isPartOf\":{\"@id\":\"https:\/\/www.encontrapara.com.br\/maraba\/seaspac-prefeitura-da-posse-as-novas-conselheiras-do-comdim\/\"},\"author\":{\"name\":\"Encontra Marab\u00e1\",\"@id\":\"https:\/\/www.encontrapara.com.br\/maraba\/#\/schema\/person\/489c98b1b22d4a1c687875e43fc8b929\"},\"headline\":\"Seaspac: Prefeitura d\u00e1 posse \u00e0s novas conselheiras do COMDIM\",\"datePublished\":\"2026-01-27T10:57:26+00:00\",\"mainEntityOfPage\":{\"@id\":\"https:\/\/www.encontrapara.com.br\/maraba\/seaspac-prefeitura-da-posse-as-novas-conselheiras-do-comdim\/\"},\"wordCount\":1035,\"commentCount\":0,\"image\":{\"@id\":\"https:\/\/www.encontrapara.com.br\/maraba\/seaspac-prefeitura-da-posse-as-novas-conselheiras-do-comdim\/#primaryimage\"},\"thumbnailUrl\":\"https:\/\/www.encontrapara.com.br\/maraba\/wp-content\/uploads\/2026\/01\/seaspac-prefeitura-da-posse-as-novas-conselheiras-do-comdim.webp\",\"articleSection\":[\"Not\u00edcias Marab\u00e1\"],\"inLanguage\":\"pt-BR\",\"potentialAction\":[{\"@type\":\"CommentAction\",\"name\":\"Comment\",\"target\":[\"https:\/\/www.encontrapara.com.br\/maraba\/seaspac-prefeitura-da-posse-as-novas-conselheiras-do-comdim\/#respond\"]}]},{\"@type\":\"WebPage\",\"@id\":\"https:\/\/www.encontrapara.com.br\/maraba\/seaspac-prefeitura-da-posse-as-novas-conselheiras-do-comdim\/\",\"url\":\"https:\/\/www.encontrapara.com.br\/maraba\/seaspac-prefeitura-da-posse-as-novas-conselheiras-do-comdim\/\",\"name\":\"Seaspac: Prefeitura d\u00e1 posse \u00e0s novas conselheiras do COMDIM | Guia Comercial de Marab\u00e1 PA\",\"isPartOf\":{\"@id\":\"https:\/\/www.encontrapara.com.br\/maraba\/#website\"},\"primaryImageOfPage\":{\"@id\":\"https:\/\/www.encontrapara.com.br\/maraba\/seaspac-prefeitura-da-posse-as-novas-conselheiras-do-comdim\/#primaryimage\"},\"image\":{\"@id\":\"https:\/\/www.encontrapara.com.br\/maraba\/seaspac-prefeitura-da-posse-as-novas-conselheiras-do-comdim\/#primaryimage\"},\"thumbnailUrl\":\"https:\/\/www.encontrapara.com.br\/maraba\/wp-content\/uploads\/2026\/01\/seaspac-prefeitura-da-posse-as-novas-conselheiras-do-comdim.webp\",\"datePublished\":\"2026-01-27T10:57:26+00:00\",\"author\":{\"@id\":\"https:\/\/www.encontrapara.com.br\/maraba\/#\/schema\/person\/489c98b1b22d4a1c687875e43fc8b929\"},\"inLanguage\":\"pt-BR\",\"potentialAction\":[{\"@type\":\"ReadAction\",\"target\":[\"https:\/\/www.encontrapara.com.br\/maraba\/seaspac-prefeitura-da-posse-as-novas-conselheiras-do-comdim\/\"]}]},{\"@type\":\"ImageObject\",\"inLanguage\":\"pt-BR\",\"@id\":\"https:\/\/www.encontrapara.com.br\/maraba\/seaspac-prefeitura-da-posse-as-novas-conselheiras-do-comdim\/#primaryimage\",\"url\":\"https:\/\/www.encontrapara.com.br\/maraba\/wp-content\/uploads\/2026\/01\/seaspac-prefeitura-da-posse-as-novas-conselheiras-do-comdim.webp\",\"contentUrl\":\"https:\/\/www.encontrapara.com.br\/maraba\/wp-content\/uploads\/2026\/01\/seaspac-prefeitura-da-posse-as-novas-conselheiras-do-comdim.webp\",\"width\":280,\"height\":280,\"caption\":\"Seaspac\"},{\"@type\":\"WebSite\",\"@id\":\"https:\/\/www.encontrapara.com.br\/maraba\/#website\",\"url\":\"https:\/\/www.encontrapara.com.br\/maraba\/\",\"name\":\"Guia Comercial de Marab\u00e1 PA\",\"description\":\"\",\"potentialAction\":[{\"@type\":\"SearchAction\",\"target\":{\"@type\":\"EntryPoint\",\"urlTemplate\":\"https:\/\/www.encontrapara.com.br\/maraba\/?s={search_term_string}\"},\"query-input\":{\"@type\":\"PropertyValueSpecification\",\"valueRequired\":true,\"valueName\":\"search_term_string\"}}],\"inLanguage\":\"pt-BR\"},{\"@type\":\"Person\",\"@id\":\"https:\/\/www.encontrapara.com.br\/maraba\/#\/schema\/person\/489c98b1b22d4a1c687875e43fc8b929\",\"name\":\"Encontra Marab\u00e1\",\"image\":{\"@type\":\"ImageObject\",\"inLanguage\":\"pt-BR\",\"@id\":\"https:\/\/secure.gravatar.com\/avatar\/c50c17820bcf322f0a8fd6b110b8c0918141409dc69076470f6fca5fee70a5d4?s=96&d=mm&r=g\",\"url\":\"https:\/\/secure.gravatar.com\/avatar\/c50c17820bcf322f0a8fd6b110b8c0918141409dc69076470f6fca5fee70a5d4?s=96&d=mm&r=g\",\"contentUrl\":\"https:\/\/secure.gravatar.com\/avatar\/c50c17820bcf322f0a8fd6b110b8c0918141409dc69076470f6fca5fee70a5d4?s=96&d=mm&r=g\",\"caption\":\"Encontra Marab\u00e1\"},\"url\":\"https:\/\/www.encontrapara.com.br\/maraba\/author\/encontramaraba\/\"}]}<\/script>\n<!-- \/ Yoast SEO plugin. -->","yoast_head_json":{"title":"Seaspac: Prefeitura d\u00e1 posse \u00e0s novas conselheiras do COMDIM | Guia Comercial de Marab\u00e1 PA","robots":{"index":"index","follow":"follow","max-snippet":"max-snippet:-1","max-image-preview":"max-image-preview:large","max-video-preview":"max-video-preview:-1"},"canonical":"https:\/\/www.encontrapara.com.br\/maraba\/seaspac-prefeitura-da-posse-as-novas-conselheiras-do-comdim\/","og_locale":"pt_BR","og_type":"article","og_title":"Seaspac: Prefeitura d\u00e1 posse \u00e0s novas conselheiras do COMDIM | Guia Comercial de Marab\u00e1 PA","og_description":"Seaspac fortalece a prote\u00e7\u00e3o feminina com nova gest\u00e3o do COMDIM em Marab\u00e1.","og_url":"https:\/\/www.encontrapara.com.br\/maraba\/seaspac-prefeitura-da-posse-as-novas-conselheiras-do-comdim\/","og_site_name":"Guia Comercial de Marab\u00e1 PA","article_published_time":"2026-01-27T10:57:26+00:00","og_image":[{"url":"https:\/\/www.encontrapara.com.br\/maraba\/wp-content\/uploads\/2026\/01\/seaspac-prefeitura-da-posse-as-novas-conselheiras-do-comdim.webp","type":"","width":"","height":""}],"author":"Encontra Marab\u00e1","twitter_card":"summary_large_image","twitter_misc":{"Escrito por":"Encontra Marab\u00e1","Est. tempo de leitura":"5 minutos"},"schema":{"@context":"https:\/\/schema.org","@graph":[{"@type":"Article","@id":"https:\/\/www.encontrapara.com.br\/maraba\/seaspac-prefeitura-da-posse-as-novas-conselheiras-do-comdim\/#article","isPartOf":{"@id":"https:\/\/www.encontrapara.com.br\/maraba\/seaspac-prefeitura-da-posse-as-novas-conselheiras-do-comdim\/"},"author":{"name":"Encontra Marab\u00e1","@id":"https:\/\/www.encontrapara.com.br\/maraba\/#\/schema\/person\/489c98b1b22d4a1c687875e43fc8b929"},"headline":"Seaspac: Prefeitura d\u00e1 posse \u00e0s novas conselheiras do COMDIM","datePublished":"2026-01-27T10:57:26+00:00","mainEntityOfPage":{"@id":"https:\/\/www.encontrapara.com.br\/maraba\/seaspac-prefeitura-da-posse-as-novas-conselheiras-do-comdim\/"},"wordCount":1035,"commentCount":0,"image":{"@id":"https:\/\/www.encontrapara.com.br\/maraba\/seaspac-prefeitura-da-posse-as-novas-conselheiras-do-comdim\/#primaryimage"},"thumbnailUrl":"https:\/\/www.encontrapara.com.br\/maraba\/wp-content\/uploads\/2026\/01\/seaspac-prefeitura-da-posse-as-novas-conselheiras-do-comdim.webp","articleSection":["Not\u00edcias Marab\u00e1"],"inLanguage":"pt-BR","potentialAction":[{"@type":"CommentAction","name":"Comment","target":["https:\/\/www.encontrapara.com.br\/maraba\/seaspac-prefeitura-da-posse-as-novas-conselheiras-do-comdim\/#respond"]}]},{"@type":"WebPage","@id":"https:\/\/www.encontrapara.com.br\/maraba\/seaspac-prefeitura-da-posse-as-novas-conselheiras-do-comdim\/","url":"https:\/\/www.encontrapara.com.br\/maraba\/seaspac-prefeitura-da-posse-as-novas-conselheiras-do-comdim\/","name":"Seaspac: Prefeitura d\u00e1 posse \u00e0s novas conselheiras do COMDIM | Guia Comercial de Marab\u00e1 PA","isPartOf":{"@id":"https:\/\/www.encontrapara.com.br\/maraba\/#website"},"primaryImageOfPage":{"@id":"https:\/\/www.encontrapara.com.br\/maraba\/seaspac-prefeitura-da-posse-as-novas-conselheiras-do-comdim\/#primaryimage"},"image":{"@id":"https:\/\/www.encontrapara.com.br\/maraba\/seaspac-prefeitura-da-posse-as-novas-conselheiras-do-comdim\/#primaryimage"},"thumbnailUrl":"https:\/\/www.encontrapara.com.br\/maraba\/wp-content\/uploads\/2026\/01\/seaspac-prefeitura-da-posse-as-novas-conselheiras-do-comdim.webp","datePublished":"2026-01-27T10:57:26+00:00","author":{"@id":"https:\/\/www.encontrapara.com.br\/maraba\/#\/schema\/person\/489c98b1b22d4a1c687875e43fc8b929"},"inLanguage":"pt-BR","potentialAction":[{"@type":"ReadAction","target":["https:\/\/www.encontrapara.com.br\/maraba\/seaspac-prefeitura-da-posse-as-novas-conselheiras-do-comdim\/"]}]},{"@type":"ImageObject","inLanguage":"pt-BR","@id":"https:\/\/www.encontrapara.com.br\/maraba\/seaspac-prefeitura-da-posse-as-novas-conselheiras-do-comdim\/#primaryimage","url":"https:\/\/www.encontrapara.com.br\/maraba\/wp-content\/uploads\/2026\/01\/seaspac-prefeitura-da-posse-as-novas-conselheiras-do-comdim.webp","contentUrl":"https:\/\/www.encontrapara.com.br\/maraba\/wp-content\/uploads\/2026\/01\/seaspac-prefeitura-da-posse-as-novas-conselheiras-do-comdim.webp","width":280,"height":280,"caption":"Seaspac"},{"@type":"WebSite","@id":"https:\/\/www.encontrapara.com.br\/maraba\/#website","url":"https:\/\/www.encontrapara.com.br\/maraba\/","name":"Guia Comercial de Marab\u00e1 PA","description":"","potentialAction":[{"@type":"SearchAction","target":{"@type":"EntryPoint","urlTemplate":"https:\/\/www.encontrapara.com.br\/maraba\/?s={search_term_string}"},"query-input":{"@type":"PropertyValueSpecification","valueRequired":true,"valueName":"search_term_string"}}],"inLanguage":"pt-BR"},{"@type":"Person","@id":"https:\/\/www.encontrapara.com.br\/maraba\/#\/schema\/person\/489c98b1b22d4a1c687875e43fc8b929","name":"Encontra Marab\u00e1","image":{"@type":"ImageObject","inLanguage":"pt-BR","@id":"https:\/\/secure.gravatar.com\/avatar\/c50c17820bcf322f0a8fd6b110b8c0918141409dc69076470f6fca5fee70a5d4?s=96&d=mm&r=g","url":"https:\/\/secure.gravatar.com\/avatar\/c50c17820bcf322f0a8fd6b110b8c0918141409dc69076470f6fca5fee70a5d4?s=96&d=mm&r=g","contentUrl":"https:\/\/secure.gravatar.com\/avatar\/c50c17820bcf322f0a8fd6b110b8c0918141409dc69076470f6fca5fee70a5d4?s=96&d=mm&r=g","caption":"Encontra Marab\u00e1"},"url":"https:\/\/www.encontrapara.com.br\/maraba\/author\/encontramaraba\/"}]}},"_links":{"self":[{"href":"https:\/\/www.encontrapara.com.br\/maraba\/wp-json\/wp\/v2\/posts\/5037","targetHints":{"allow":["GET"]}}],"collection":[{"href":"https:\/\/www.encontrapara.com.br\/maraba\/wp-json\/wp\/v2\/posts"}],"about":[{"href":"https:\/\/www.encontrapara.com.br\/maraba\/wp-json\/wp\/v2\/types\/post"}],"author":[{"embeddable":true,"href":"https:\/\/www.encontrapara.com.br\/maraba\/wp-json\/wp\/v2\/users\/1"}],"replies":[{"embeddable":true,"href":"https:\/\/www.encontrapara.com.br\/maraba\/wp-json\/wp\/v2\/comments?post=5037"}],"version-history":[{"count":0,"href":"https:\/\/www.encontrapara.com.br\/maraba\/wp-json\/wp\/v2\/posts\/5037\/revisions"}],"wp:featuredmedia":[{"embeddable":true,"href":"https:\/\/www.encontrapara.com.br\/maraba\/wp-json\/wp\/v2\/media\/5036"}],"wp:attachment":[{"href":"https:\/\/www.encontrapara.com.br\/maraba\/wp-json\/wp\/v2\/media?parent=5037"}],"wp:term":[{"taxonomy":"category","embeddable":true,"href":"https:\/\/www.encontrapara.com.br\/maraba\/wp-json\/wp\/v2\/categories?post=5037"},{"taxonomy":"post_tag","embeddable":true,"href":"https:\/\/www.encontrapara.com.br\/maraba\/wp-json\/wp\/v2\/tags?post=5037"}],"curies":[{"name":"wp","href":"https:\/\/api.w.org\/{rel}","templated":true}]}}